{"id":31742,"date":"2026-03-17T08:53:57","date_gmt":"2026-03-17T07:53:57","guid":{"rendered":"https:\/\/www.sab.ch\/le-prix-montagne-2026-est-lance-soumettez-vos-projets-des-maintenant\/"},"modified":"2026-03-17T09:00:14","modified_gmt":"2026-03-17T08:00:14","slug":"le-prix-montagne-2026-est-lance-soumettez-vos-projets-des-maintenant","status":"publish","type":"post","link":"https:\/\/www.sab.ch\/fr\/le-prix-montagne-2026-est-lance-soumettez-vos-projets-des-maintenant\/","title":{"rendered":"Le Prix Montagne 2026 est lanc\u00e9 \u2013 soumettez vos projets d\u00e8s maintenant"},"content":{"rendered":"<div id='av_section_1'  class='avia-section av-kbug1hwh-c289e54a3724eb607f5001286d112c66 main_color avia-section-default avia-shadow  avia-builder-el-0  avia-builder-el-no-sibling  avia-bg-style-scroll container_wrap fullsize'  ><div class='container av-section-cont-open' ><main  role=\"main\" itemprop=\"mainContentOfPage\"  class='template-page content  av-content-full alpha units'><div class='post-entry post-entry-type-page post-entry-31742'><div class='entry-content-wrapper clearfix'>\n\n<style type=\"text\/css\" data-created_by=\"avia_inline_auto\" id=\"style-css-av-1jeyq-9502dd93e19d75a741d42ecb7c9a7202\">\n.flex_column.av-1jeyq-9502dd93e19d75a741d42ecb7c9a7202{\nborder-radius:0px 0px 0px 0px;\npadding:0px 0px 0px 0px;\n}\n<\/style>\n<div  class='flex_column av-1jeyq-9502dd93e19d75a741d42ecb7c9a7202 av_two_third  avia-builder-el-1  el_before_av_one_third  avia-builder-el-first  first flex_column_div av-zero-column-padding  '     ><section  class='av_textblock_section av-kbug13ai-ca2666aa166dc4bea4f861856462a7a3 '   itemscope=\"itemscope\" itemtype=\"https:\/\/schema.org\/BlogPosting\" itemprop=\"blogPost\" ><div class='avia_textblock'  itemprop=\"text\" ><h2><strong>Le Prix Montagne 2026 est lanc\u00e9 \u2013 soumettez vos projets d\u00e8s maintenant<\/strong><\/h2>\n<p><br class=\"avia-permanent-lb\" \/>Le Prix Montagne 2026 est mis au concours. Jusqu&rsquo;au 30 avril, les projets qui de multiples fa\u00e7ons contribuent \u00e0 la cr\u00e9ation de valeur ajout\u00e9e dans les r\u00e9gions de montagne peuvent \u00eatre d\u00e9pos\u00e9s sur prixmontagne.ch. Le Prix Montagne dot\u00e9 de 40\u2019000 francs est d\u00e9cern\u00e9 depuis 2011 par le SAB &#8211; Groupement suisse pour les r\u00e9gions de montagne et l&rsquo;Aide suisse \u00e0 la montagne. De plus, la Mobili\u00e8re offre pour la dixi\u00e8me fois d\u00e9j\u00e0 le Prix Montagne du public, dot\u00e9 de 20\u2019000 francs.<\/p>\n<p><a href=\"https:\/\/www.sab.ch\/wp-content\/uploads\/2026\/03\/CP-mise-au-concours-Prix-Montagne-2026-1.pdf\"> <br class=\"avia-permanent-lb\" \/>Communiqu\u00e9 de presse du17.03.2026<\/a><\/p>\n<p><a href=\"https:\/\/www.prixmontagne.ch\/fr\/medien\">Informations compl\u00e9mentaires: Prix Montagne <\/a><\/p>\n<\/div><\/section><\/div>\n<style type=\"text\/css\" data-created_by=\"avia_inline_auto\" id=\"style-css-av-11ss6-43e62b351ecfb41c6d740c9a54758486\">\n.flex_column.av-11ss6-43e62b351ecfb41c6d740c9a54758486{\nborder-radius:0px 0px 0px 0px;\npadding:0px 0px 0px 0px;\n}\n<\/style>\n<div  class='flex_column av-11ss6-43e62b351ecfb41c6d740c9a54758486 av_one_third  avia-builder-el-3  el_after_av_two_third  avia-builder-el-last  flex_column_div av-zero-column-padding  '     ><style type=\"text\/css\" data-created_by=\"avia_inline_auto\" id=\"style-css-av-tol4g7-4e93fe0abea0ec8e37e61379874eb320\">\n.avia-image-container.av-tol4g7-4e93fe0abea0ec8e37e61379874eb320 img.avia_image{\nbox-shadow:none;\n}\n.avia-image-container.av-tol4g7-4e93fe0abea0ec8e37e61379874eb320 .av-image-caption-overlay-center{\ncolor:#ffffff;\n}\n<\/style>\n<div  class='avia-image-container av-tol4g7-4e93fe0abea0ec8e37e61379874eb320 av-styling- avia-align-center  avia-builder-el-4  avia-builder-el-no-sibling '   itemprop=\"image\" itemscope=\"itemscope\" itemtype=\"https:\/\/schema.org\/ImageObject\" ><div class=\"avia-image-container-inner\"><div class=\"avia-image-overlay-wrap\"><img decoding=\"async\" fetchpriority=\"high\" class='wp-image-22792 avia-img-lazy-loading-not-22792 avia_image ' src=\"https:\/\/www.sab.ch\/wp-content\/uploads\/2024\/07\/Screenshot_2021-07-15_Prix_Montagne_2021-1024x724.png\" alt='' title='Screenshot_2021-07-15_Prix_Montagne_2021'  height=\"724\" width=\"1024\"  itemprop=\"thumbnailUrl\" srcset=\"https:\/\/www.sab.ch\/wp-content\/uploads\/2024\/07\/Screenshot_2021-07-15_Prix_Montagne_2021-1024x724.png 1024w, https:\/\/www.sab.ch\/wp-content\/uploads\/2024\/07\/Screenshot_2021-07-15_Prix_Montagne_2021-768x543.png 768w, https:\/\/www.sab.ch\/wp-content\/uploads\/2024\/07\/Screenshot_2021-07-15_Prix_Montagne_2021-260x185.png 260w, https:\/\/www.sab.ch\/wp-content\/uploads\/2024\/07\/Screenshot_2021-07-15_Prix_Montagne_2021-705x498.png 705w, https:\/\/www.sab.ch\/wp-content\/uploads\/2024\/07\/Screenshot_2021-07-15_Prix_Montagne_2021.png 1065w\" sizes=\"(max-width: 1024px) 100vw, 1024px\" \/><\/div><\/div><\/div><\/div>\n","protected":false},"excerpt":{"rendered":"<p>Le Prix Montagne 2026 est mis au concours. Jusqu&rsquo;au 30 avril, les projets qui de multiples fa\u00e7ons contribuent \u00e0 la cr\u00e9ation de valeur ajout\u00e9e dans les r\u00e9gions de montagne peuvent \u00eatre d\u00e9pos\u00e9s sur prixmontagne.ch. <\/p>\n","protected":false},"author":4,"featured_media":22792,"comment_status":"closed","ping_status":"open","sticky":false,"template":"","format":"standard","meta":{"footnotes":""},"categories":[4],"tags":[],"class_list":["post-31742","post","type-post","status-publish","format-standard","has-post-thumbnail","hentry","category-non-classifiee"],"yoast_head":"<!-- This site is optimized with the Yoast SEO plugin v27.5 - https:\/\/yoast.com\/product\/yoast-seo-wordpress\/ -->\n<title>Le Prix Montagne 2026 est lanc\u00e9 \u2013 soumettez vos projets d\u00e8s maintenant - S A B<\/title>\n<meta name=\"robots\" content=\"index, follow, max-snippet:-1, max-image-preview:large, max-video-preview:-1\" \/>\n<link rel=\"canonical\" href=\"https:\/\/www.sab.ch\/fr\/le-prix-montagne-2026-est-lance-soumettez-vos-projets-des-maintenant\/\" \/>\n<meta property=\"og:locale\" content=\"fr_FR\" \/>\n<meta property=\"og:type\" content=\"article\" \/>\n<meta property=\"og:title\" content=\"Le Prix Montagne 2026 est lanc\u00e9 \u2013 soumettez vos projets d\u00e8s maintenant - S A B\" \/>\n<meta property=\"og:description\" content=\"Le Prix Montagne 2026 est mis au concours. Jusqu&#039;au 30 avril, les projets qui de multiples fa\u00e7ons contribuent \u00e0 la cr\u00e9ation de valeur ajout\u00e9e dans les r\u00e9gions de montagne peuvent \u00eatre d\u00e9pos\u00e9s sur prixmontagne.ch.\" \/>\n<meta property=\"og:url\" content=\"https:\/\/www.sab.ch\/fr\/le-prix-montagne-2026-est-lance-soumettez-vos-projets-des-maintenant\/\" \/>\n<meta property=\"og:site_name\" content=\"S A B\" \/>\n<meta property=\"article:published_time\" content=\"2026-03-17T07:53:57+00:00\" \/>\n<meta property=\"article:modified_time\" content=\"2026-03-17T08:00:14+00:00\" \/>\n<meta property=\"og:image\" content=\"https:\/\/www.sab.ch\/wp-content\/uploads\/2024\/07\/Screenshot_2021-07-15_Prix_Montagne_2021.png\" \/>\n\t<meta property=\"og:image:width\" content=\"1065\" \/>\n\t<meta property=\"og:image:height\" content=\"753\" \/>\n\t<meta property=\"og:image:type\" content=\"image\/png\" \/>\n<meta name=\"author\" content=\"info@sab.ch\" \/>\n<meta name=\"twitter:card\" content=\"summary_large_image\" \/>\n<meta name=\"twitter:label1\" content=\"\u00c9crit par\" \/>\n\t<meta name=\"twitter:data1\" content=\"info@sab.ch\" \/>\n\t<meta name=\"twitter:label2\" content=\"Dur\u00e9e de lecture estim\u00e9e\" \/>\n\t<meta name=\"twitter:data2\" content=\"1 minute\" \/>\n<script type=\"application\/ld+json\" class=\"yoast-schema-graph\">{\"@context\":\"https:\\\/\\\/schema.org\",\"@graph\":[{\"@type\":\"Article\",\"@id\":\"https:\\\/\\\/www.sab.ch\\\/fr\\\/le-prix-montagne-2026-est-lance-soumettez-vos-projets-des-maintenant\\\/#article\",\"isPartOf\":{\"@id\":\"https:\\\/\\\/www.sab.ch\\\/fr\\\/le-prix-montagne-2026-est-lance-soumettez-vos-projets-des-maintenant\\\/\"},\"author\":{\"name\":\"info@sab.ch\",\"@id\":\"https:\\\/\\\/www.sab.ch\\\/fr\\\/#\\\/schema\\\/person\\\/1c450bbe4df58dc14ede9b380c3a7a56\"},\"headline\":\"Le Prix Montagne 2026 est lanc\u00e9 \u2013 soumettez vos projets d\u00e8s maintenant\",\"datePublished\":\"2026-03-17T07:53:57+00:00\",\"dateModified\":\"2026-03-17T08:00:14+00:00\",\"mainEntityOfPage\":{\"@id\":\"https:\\\/\\\/www.sab.ch\\\/fr\\\/le-prix-montagne-2026-est-lance-soumettez-vos-projets-des-maintenant\\\/\"},\"wordCount\":738,\"image\":{\"@id\":\"https:\\\/\\\/www.sab.ch\\\/fr\\\/le-prix-montagne-2026-est-lance-soumettez-vos-projets-des-maintenant\\\/#primaryimage\"},\"thumbnailUrl\":\"https:\\\/\\\/www.sab.ch\\\/wp-content\\\/uploads\\\/2024\\\/07\\\/Screenshot_2021-07-15_Prix_Montagne_2021.png\",\"articleSection\":[\"Non classifi\u00e9(e)\"],\"inLanguage\":\"fr-FR\"},{\"@type\":\"WebPage\",\"@id\":\"https:\\\/\\\/www.sab.ch\\\/fr\\\/le-prix-montagne-2026-est-lance-soumettez-vos-projets-des-maintenant\\\/\",\"url\":\"https:\\\/\\\/www.sab.ch\\\/fr\\\/le-prix-montagne-2026-est-lance-soumettez-vos-projets-des-maintenant\\\/\",\"name\":\"Le Prix Montagne 2026 est lanc\u00e9 \u2013 soumettez vos projets d\u00e8s maintenant - S A B\",\"isPartOf\":{\"@id\":\"https:\\\/\\\/www.sab.ch\\\/fr\\\/#website\"},\"primaryImageOfPage\":{\"@id\":\"https:\\\/\\\/www.sab.ch\\\/fr\\\/le-prix-montagne-2026-est-lance-soumettez-vos-projets-des-maintenant\\\/#primaryimage\"},\"image\":{\"@id\":\"https:\\\/\\\/www.sab.ch\\\/fr\\\/le-prix-montagne-2026-est-lance-soumettez-vos-projets-des-maintenant\\\/#primaryimage\"},\"thumbnailUrl\":\"https:\\\/\\\/www.sab.ch\\\/wp-content\\\/uploads\\\/2024\\\/07\\\/Screenshot_2021-07-15_Prix_Montagne_2021.png\",\"datePublished\":\"2026-03-17T07:53:57+00:00\",\"dateModified\":\"2026-03-17T08:00:14+00:00\",\"author\":{\"@id\":\"https:\\\/\\\/www.sab.ch\\\/fr\\\/#\\\/schema\\\/person\\\/1c450bbe4df58dc14ede9b380c3a7a56\"},\"breadcrumb\":{\"@id\":\"https:\\\/\\\/www.sab.ch\\\/fr\\\/le-prix-montagne-2026-est-lance-soumettez-vos-projets-des-maintenant\\\/#breadcrumb\"},\"inLanguage\":\"fr-FR\",\"potentialAction\":[{\"@type\":\"ReadAction\",\"target\":[\"https:\\\/\\\/www.sab.ch\\\/fr\\\/le-prix-montagne-2026-est-lance-soumettez-vos-projets-des-maintenant\\\/\"]}]},{\"@type\":\"ImageObject\",\"inLanguage\":\"fr-FR\",\"@id\":\"https:\\\/\\\/www.sab.ch\\\/fr\\\/le-prix-montagne-2026-est-lance-soumettez-vos-projets-des-maintenant\\\/#primaryimage\",\"url\":\"https:\\\/\\\/www.sab.ch\\\/wp-content\\\/uploads\\\/2024\\\/07\\\/Screenshot_2021-07-15_Prix_Montagne_2021.png\",\"contentUrl\":\"https:\\\/\\\/www.sab.ch\\\/wp-content\\\/uploads\\\/2024\\\/07\\\/Screenshot_2021-07-15_Prix_Montagne_2021.png\",\"width\":1065,\"height\":753},{\"@type\":\"BreadcrumbList\",\"@id\":\"https:\\\/\\\/www.sab.ch\\\/fr\\\/le-prix-montagne-2026-est-lance-soumettez-vos-projets-des-maintenant\\\/#breadcrumb\",\"itemListElement\":[{\"@type\":\"ListItem\",\"position\":1,\"name\":\"Startseite\",\"item\":\"https:\\\/\\\/www.sab.ch\\\/fr\\\/home\\\/\"},{\"@type\":\"ListItem\",\"position\":2,\"name\":\"Le Prix Montagne 2026 est lanc\u00e9 \u2013 soumettez vos projets d\u00e8s maintenant\"}]},{\"@type\":\"WebSite\",\"@id\":\"https:\\\/\\\/www.sab.ch\\\/fr\\\/#website\",\"url\":\"https:\\\/\\\/www.sab.ch\\\/fr\\\/\",\"name\":\"S A B\",\"description\":\"\",\"potentialAction\":[{\"@type\":\"SearchAction\",\"target\":{\"@type\":\"EntryPoint\",\"urlTemplate\":\"https:\\\/\\\/www.sab.ch\\\/fr\\\/?s={search_term_string}\"},\"query-input\":{\"@type\":\"PropertyValueSpecification\",\"valueRequired\":true,\"valueName\":\"search_term_string\"}}],\"inLanguage\":\"fr-FR\"},{\"@type\":\"Person\",\"@id\":\"https:\\\/\\\/www.sab.ch\\\/fr\\\/#\\\/schema\\\/person\\\/1c450bbe4df58dc14ede9b380c3a7a56\",\"name\":\"info@sab.ch\",\"image\":{\"@type\":\"ImageObject\",\"inLanguage\":\"fr-FR\",\"@id\":\"https:\\\/\\\/secure.gravatar.com\\\/avatar\\\/90c278b6370763730f8642919a0c5b49ea5c114838185d47f2c357efc929a851?s=96&d=mm&r=g\",\"url\":\"https:\\\/\\\/secure.gravatar.com\\\/avatar\\\/90c278b6370763730f8642919a0c5b49ea5c114838185d47f2c357efc929a851?s=96&d=mm&r=g\",\"contentUrl\":\"https:\\\/\\\/secure.gravatar.com\\\/avatar\\\/90c278b6370763730f8642919a0c5b49ea5c114838185d47f2c357efc929a851?s=96&d=mm&r=g\",\"caption\":\"info@sab.ch\"},\"url\":\"https:\\\/\\\/www.sab.ch\\\/fr\\\/author\\\/infosab-ch\\\/\"}]}<\/script>\n<!-- \/ Yoast SEO plugin. -->","yoast_head_json":{"title":"Le Prix Montagne 2026 est lanc\u00e9 \u2013 soumettez vos projets d\u00e8s maintenant - S A B","robots":{"index":"index","follow":"follow","max-snippet":"max-snippet:-1","max-image-preview":"max-image-preview:large","max-video-preview":"max-video-preview:-1"},"canonical":"https:\/\/www.sab.ch\/fr\/le-prix-montagne-2026-est-lance-soumettez-vos-projets-des-maintenant\/","og_locale":"fr_FR","og_type":"article","og_title":"Le Prix Montagne 2026 est lanc\u00e9 \u2013 soumettez vos projets d\u00e8s maintenant - S A B","og_description":"Le Prix Montagne 2026 est mis au concours. Jusqu'au 30 avril, les projets qui de multiples fa\u00e7ons contribuent \u00e0 la cr\u00e9ation de valeur ajout\u00e9e dans les r\u00e9gions de montagne peuvent \u00eatre d\u00e9pos\u00e9s sur prixmontagne.ch.","og_url":"https:\/\/www.sab.ch\/fr\/le-prix-montagne-2026-est-lance-soumettez-vos-projets-des-maintenant\/","og_site_name":"S A B","article_published_time":"2026-03-17T07:53:57+00:00","article_modified_time":"2026-03-17T08:00:14+00:00","og_image":[{"width":1065,"height":753,"url":"https:\/\/www.sab.ch\/wp-content\/uploads\/2024\/07\/Screenshot_2021-07-15_Prix_Montagne_2021.png","type":"image\/png"}],"author":"info@sab.ch","twitter_card":"summary_large_image","twitter_misc":{"\u00c9crit par":"info@sab.ch","Dur\u00e9e de lecture estim\u00e9e":"1 minute"},"schema":{"@context":"https:\/\/schema.org","@graph":[{"@type":"Article","@id":"https:\/\/www.sab.ch\/fr\/le-prix-montagne-2026-est-lance-soumettez-vos-projets-des-maintenant\/#article","isPartOf":{"@id":"https:\/\/www.sab.ch\/fr\/le-prix-montagne-2026-est-lance-soumettez-vos-projets-des-maintenant\/"},"author":{"name":"info@sab.ch","@id":"https:\/\/www.sab.ch\/fr\/#\/schema\/person\/1c450bbe4df58dc14ede9b380c3a7a56"},"headline":"Le Prix Montagne 2026 est lanc\u00e9 \u2013 soumettez vos projets d\u00e8s maintenant","datePublished":"2026-03-17T07:53:57+00:00","dateModified":"2026-03-17T08:00:14+00:00","mainEntityOfPage":{"@id":"https:\/\/www.sab.ch\/fr\/le-prix-montagne-2026-est-lance-soumettez-vos-projets-des-maintenant\/"},"wordCount":738,"image":{"@id":"https:\/\/www.sab.ch\/fr\/le-prix-montagne-2026-est-lance-soumettez-vos-projets-des-maintenant\/#primaryimage"},"thumbnailUrl":"https:\/\/www.sab.ch\/wp-content\/uploads\/2024\/07\/Screenshot_2021-07-15_Prix_Montagne_2021.png","articleSection":["Non classifi\u00e9(e)"],"inLanguage":"fr-FR"},{"@type":"WebPage","@id":"https:\/\/www.sab.ch\/fr\/le-prix-montagne-2026-est-lance-soumettez-vos-projets-des-maintenant\/","url":"https:\/\/www.sab.ch\/fr\/le-prix-montagne-2026-est-lance-soumettez-vos-projets-des-maintenant\/","name":"Le Prix Montagne 2026 est lanc\u00e9 \u2013 soumettez vos projets d\u00e8s maintenant - S A B","isPartOf":{"@id":"https:\/\/www.sab.ch\/fr\/#website"},"primaryImageOfPage":{"@id":"https:\/\/www.sab.ch\/fr\/le-prix-montagne-2026-est-lance-soumettez-vos-projets-des-maintenant\/#primaryimage"},"image":{"@id":"https:\/\/www.sab.ch\/fr\/le-prix-montagne-2026-est-lance-soumettez-vos-projets-des-maintenant\/#primaryimage"},"thumbnailUrl":"https:\/\/www.sab.ch\/wp-content\/uploads\/2024\/07\/Screenshot_2021-07-15_Prix_Montagne_2021.png","datePublished":"2026-03-17T07:53:57+00:00","dateModified":"2026-03-17T08:00:14+00:00","author":{"@id":"https:\/\/www.sab.ch\/fr\/#\/schema\/person\/1c450bbe4df58dc14ede9b380c3a7a56"},"breadcrumb":{"@id":"https:\/\/www.sab.ch\/fr\/le-prix-montagne-2026-est-lance-soumettez-vos-projets-des-maintenant\/#breadcrumb"},"inLanguage":"fr-FR","potentialAction":[{"@type":"ReadAction","target":["https:\/\/www.sab.ch\/fr\/le-prix-montagne-2026-est-lance-soumettez-vos-projets-des-maintenant\/"]}]},{"@type":"ImageObject","inLanguage":"fr-FR","@id":"https:\/\/www.sab.ch\/fr\/le-prix-montagne-2026-est-lance-soumettez-vos-projets-des-maintenant\/#primaryimage","url":"https:\/\/www.sab.ch\/wp-content\/uploads\/2024\/07\/Screenshot_2021-07-15_Prix_Montagne_2021.png","contentUrl":"https:\/\/www.sab.ch\/wp-content\/uploads\/2024\/07\/Screenshot_2021-07-15_Prix_Montagne_2021.png","width":1065,"height":753},{"@type":"BreadcrumbList","@id":"https:\/\/www.sab.ch\/fr\/le-prix-montagne-2026-est-lance-soumettez-vos-projets-des-maintenant\/#breadcrumb","itemListElement":[{"@type":"ListItem","position":1,"name":"Startseite","item":"https:\/\/www.sab.ch\/fr\/home\/"},{"@type":"ListItem","position":2,"name":"Le Prix Montagne 2026 est lanc\u00e9 \u2013 soumettez vos projets d\u00e8s maintenant"}]},{"@type":"WebSite","@id":"https:\/\/www.sab.ch\/fr\/#website","url":"https:\/\/www.sab.ch\/fr\/","name":"S A B","description":"","potentialAction":[{"@type":"SearchAction","target":{"@type":"EntryPoint","urlTemplate":"https:\/\/www.sab.ch\/fr\/?s={search_term_string}"},"query-input":{"@type":"PropertyValueSpecification","valueRequired":true,"valueName":"search_term_string"}}],"inLanguage":"fr-FR"},{"@type":"Person","@id":"https:\/\/www.sab.ch\/fr\/#\/schema\/person\/1c450bbe4df58dc14ede9b380c3a7a56","name":"info@sab.ch","image":{"@type":"ImageObject","inLanguage":"fr-FR","@id":"https:\/\/secure.gravatar.com\/avatar\/90c278b6370763730f8642919a0c5b49ea5c114838185d47f2c357efc929a851?s=96&d=mm&r=g","url":"https:\/\/secure.gravatar.com\/avatar\/90c278b6370763730f8642919a0c5b49ea5c114838185d47f2c357efc929a851?s=96&d=mm&r=g","contentUrl":"https:\/\/secure.gravatar.com\/avatar\/90c278b6370763730f8642919a0c5b49ea5c114838185d47f2c357efc929a851?s=96&d=mm&r=g","caption":"info@sab.ch"},"url":"https:\/\/www.sab.ch\/fr\/author\/infosab-ch\/"}]}},"_links":{"self":[{"href":"https:\/\/www.sab.ch\/fr\/wp-json\/wp\/v2\/posts\/31742","targetHints":{"allow":["GET"]}}],"collection":[{"href":"https:\/\/www.sab.ch\/fr\/wp-json\/wp\/v2\/posts"}],"about":[{"href":"https:\/\/www.sab.ch\/fr\/wp-json\/wp\/v2\/types\/post"}],"author":[{"embeddable":true,"href":"https:\/\/www.sab.ch\/fr\/wp-json\/wp\/v2\/users\/4"}],"replies":[{"embeddable":true,"href":"https:\/\/www.sab.ch\/fr\/wp-json\/wp\/v2\/comments?post=31742"}],"version-history":[{"count":12,"href":"https:\/\/www.sab.ch\/fr\/wp-json\/wp\/v2\/posts\/31742\/revisions"}],"predecessor-version":[{"id":31762,"href":"https:\/\/www.sab.ch\/fr\/wp-json\/wp\/v2\/posts\/31742\/revisions\/31762"}],"wp:featuredmedia":[{"embeddable":true,"href":"https:\/\/www.sab.ch\/fr\/wp-json\/wp\/v2\/media\/22792"}],"wp:attachment":[{"href":"https:\/\/www.sab.ch\/fr\/wp-json\/wp\/v2\/media?parent=31742"}],"wp:term":[{"taxonomy":"category","embeddable":true,"href":"https:\/\/www.sab.ch\/fr\/wp-json\/wp\/v2\/categories?post=31742"},{"taxonomy":"post_tag","embeddable":true,"href":"https:\/\/www.sab.ch\/fr\/wp-json\/wp\/v2\/tags?post=31742"}],"curies":[{"name":"wp","href":"https:\/\/api.w.org\/{rel}","templated":true}]}}