{"id":32229,"date":"2026-04-29T09:34:17","date_gmt":"2026-04-29T07:34:17","guid":{"rendered":"https:\/\/www.sab.ch\/recommandations-concernant-limpot-sur-les-residences-secondaires\/"},"modified":"2026-04-29T10:06:46","modified_gmt":"2026-04-29T08:06:46","slug":"recommandations-concernant-limpot-sur-les-residences-secondaires","status":"publish","type":"post","link":"https:\/\/www.sab.ch\/fr\/recommandations-concernant-limpot-sur-les-residences-secondaires\/","title":{"rendered":"Recommandations concernant l&rsquo;imp\u00f4t sur les r\u00e9sidences secondaires"},"content":{"rendered":"<div id='av_section_1'  class='avia-section av-kbug1hwh-c289e54a3724eb607f5001286d112c66 main_color avia-section-default avia-shadow  avia-builder-el-0  avia-builder-el-no-sibling  avia-bg-style-scroll container_wrap fullsize'  ><div class='container av-section-cont-open' ><main  role=\"main\" itemprop=\"mainContentOfPage\"  class='template-page content  av-content-full alpha units'><div class='post-entry post-entry-type-page post-entry-32229'><div class='entry-content-wrapper clearfix'>\n\n<style type=\"text\/css\" data-created_by=\"avia_inline_auto\" id=\"style-css-av-1jeyq-9502dd93e19d75a741d42ecb7c9a7202\">\n.flex_column.av-1jeyq-9502dd93e19d75a741d42ecb7c9a7202{\nborder-radius:0px 0px 0px 0px;\npadding:0px 0px 0px 0px;\n}\n<\/style>\n<div  class='flex_column av-1jeyq-9502dd93e19d75a741d42ecb7c9a7202 av_two_third  avia-builder-el-1  el_before_av_one_third  avia-builder-el-first  first flex_column_div av-zero-column-padding  '     ><section  class='av_textblock_section av-kbug13ai-ca2666aa166dc4bea4f861856462a7a3 '   itemscope=\"itemscope\" itemtype=\"https:\/\/schema.org\/BlogPosting\" itemprop=\"blogPost\" ><div class='avia_textblock'  itemprop=\"text\" ><h3><strong>Recommandations concernant l&rsquo;imp\u00f4t sur les r\u00e9sidences secondaires<\/strong><\/h3>\n<p><br class=\"avia-permanent-lb\" \/>\u00c0 la demande de la Conf\u00e9rence des pr\u00e9sidentes et pr\u00e9sidents de communes touristiques de montagne, le SAB a formul\u00e9 des recommandations en vue de l&rsquo;introduction, au niveau cantonal, d&rsquo;un imp\u00f4t sur les r\u00e9sidences secondaires occup\u00e9es par leur propri\u00e9taire. Les communes touristiques souhaitent, gr\u00e2ce \u00e0 ces recommandations, \u00e9viter des pertes fiscales trop importantes suite \u00e0 la suppression de l&rsquo;imposition de la valeur locative. Le temps presse, car l\u2019imposition de la valeur locative sera supprim\u00e9e d\u00e8s le 1er janvier 2029.<\/p>\n<p><br class=\"avia-permanent-lb\" \/><a href=\"https:\/\/www.sab.ch\/wp-content\/uploads\/2026\/04\/CP-imposition-des-residences-ssecondaires-29-avril-2026.pdf\">Communiqu\u00e9 de presse du 29.04.2026<\/a><\/p>\n<p><a href=\"https:\/\/www.sab.ch\/wp-content\/uploads\/2026\/04\/Einfuehrung-einer-kantonalen-Objektsteuer-auf-Zweitliegenschaften-fr-FR.pdf\">Recommandations\u00a0<\/a><\/p>\n<p><a href=\"https:\/\/www.sab.ch\/fr\/dienstleistungen\/management-dorganisations-et-de-reseaux-2\/management-dorganisations-et-de-reseaux\/conference-des-presidents-de-communes-touristiques\/communiques-de-presse\/\">Informations compl\u00e9mentaires<\/a><\/p>\n<\/div><\/section><\/div>\n<style type=\"text\/css\" data-created_by=\"avia_inline_auto\" id=\"style-css-av-11ss6-43e62b351ecfb41c6d740c9a54758486\">\n.flex_column.av-11ss6-43e62b351ecfb41c6d740c9a54758486{\nborder-radius:0px 0px 0px 0px;\npadding:0px 0px 0px 0px;\n}\n<\/style>\n<div  class='flex_column av-11ss6-43e62b351ecfb41c6d740c9a54758486 av_one_third  avia-builder-el-3  el_after_av_two_third  avia-builder-el-last  flex_column_div av-zero-column-padding  '     ><style type=\"text\/css\" data-created_by=\"avia_inline_auto\" id=\"style-css-av-tol4g7-fb4a96bbf48653afe540a900726ea0ea\">\n.avia-image-container.av-tol4g7-fb4a96bbf48653afe540a900726ea0ea img.avia_image{\nbox-shadow:none;\n}\n.avia-image-container.av-tol4g7-fb4a96bbf48653afe540a900726ea0ea .av-image-caption-overlay-center{\ncolor:#ffffff;\n}\n<\/style>\n<div  class='avia-image-container av-tol4g7-fb4a96bbf48653afe540a900726ea0ea av-styling- avia-align-center  avia-builder-el-4  avia-builder-el-no-sibling '   itemprop=\"image\" itemscope=\"itemscope\" itemtype=\"https:\/\/schema.org\/ImageObject\" ><div class=\"avia-image-container-inner\"><div class=\"avia-image-overlay-wrap\"><img decoding=\"async\" fetchpriority=\"high\" class='wp-image-32228 avia-img-lazy-loading-not-32228 avia_image ' src=\"https:\/\/www.sab.ch\/wp-content\/uploads\/2026\/04\/Buerchen-Chaletzone-07-2022-1024x768.jpeg\" alt='' title='Bu\u0308rchen Chaletzone 07-2022'  height=\"768\" width=\"1024\"  itemprop=\"thumbnailUrl\" srcset=\"https:\/\/www.sab.ch\/wp-content\/uploads\/2026\/04\/Buerchen-Chaletzone-07-2022-1024x768.jpeg 1024w, https:\/\/www.sab.ch\/wp-content\/uploads\/2026\/04\/Buerchen-Chaletzone-07-2022-1440x1080.jpeg 1440w, https:\/\/www.sab.ch\/wp-content\/uploads\/2026\/04\/Buerchen-Chaletzone-07-2022-768x576.jpeg 768w, https:\/\/www.sab.ch\/wp-content\/uploads\/2026\/04\/Buerchen-Chaletzone-07-2022-1536x1152.jpeg 1536w, https:\/\/www.sab.ch\/wp-content\/uploads\/2026\/04\/Buerchen-Chaletzone-07-2022-1500x1125.jpeg 1500w, https:\/\/www.sab.ch\/wp-content\/uploads\/2026\/04\/Buerchen-Chaletzone-07-2022-705x529.jpeg 705w, https:\/\/www.sab.ch\/wp-content\/uploads\/2026\/04\/Buerchen-Chaletzone-07-2022.jpeg 2048w\" sizes=\"(max-width: 1024px) 100vw, 1024px\" \/><\/div><\/div><\/div><\/div>\n","protected":false},"excerpt":{"rendered":"<p>\u00c0 la demande de la Conf\u00e9rence des pr\u00e9sidentes et pr\u00e9sidents de communes touristiques de montagne, le SAB a formul\u00e9 des recommandations en vue de l&rsquo;introduction, au niveau cantonal, d&rsquo;un imp\u00f4t sur les r\u00e9sidences secondaires occup\u00e9es par leur propri\u00e9taire. Les communes touristiques souhaitent, gr\u00e2ce \u00e0 ces recommandations, \u00e9viter des pertes fiscales trop importantes suite \u00e0 la suppression de l&rsquo;imposition de la valeur locative. Le temps presse, car l\u2019imposition de la valeur locative sera supprim\u00e9e d\u00e8s le 1er janvier 2029.   <\/p>\n","protected":false},"author":4,"featured_media":32228,"comment_status":"closed","ping_status":"open","sticky":false,"template":"","format":"standard","meta":{"footnotes":""},"categories":[4],"tags":[],"class_list":["post-32229","post","type-post","status-publish","format-standard","has-post-thumbnail","hentry","category-non-classifiee"],"yoast_head":"<!-- This site is optimized with the Yoast SEO plugin v27.5 - https:\/\/yoast.com\/product\/yoast-seo-wordpress\/ -->\n<title>Recommandations concernant l&#039;imp\u00f4t sur les r\u00e9sidences secondaires - S A B<\/title>\n<meta name=\"robots\" content=\"index, follow, max-snippet:-1, max-image-preview:large, max-video-preview:-1\" \/>\n<link rel=\"canonical\" href=\"https:\/\/www.sab.ch\/fr\/recommandations-concernant-limpot-sur-les-residences-secondaires\/\" \/>\n<meta property=\"og:locale\" content=\"fr_FR\" \/>\n<meta property=\"og:type\" content=\"article\" \/>\n<meta property=\"og:title\" content=\"Recommandations concernant l&#039;imp\u00f4t sur les r\u00e9sidences secondaires - S A B\" \/>\n<meta property=\"og:description\" content=\"\u00c0 la demande de la Conf\u00e9rence des pr\u00e9sidentes et pr\u00e9sidents de communes touristiques de montagne, le SAB a formul\u00e9 des recommandations en vue de l&#039;introduction, au niveau cantonal, d&#039;un imp\u00f4t sur les r\u00e9sidences secondaires occup\u00e9es par leur propri\u00e9taire. Les communes touristiques souhaitent, gr\u00e2ce \u00e0 ces recommandations, \u00e9viter des pertes fiscales trop importantes suite \u00e0 la suppression de l&#039;imposition de la valeur locative. Le temps presse, car l\u2019imposition de la valeur locative sera supprim\u00e9e d\u00e8s le 1er janvier 2029.\" \/>\n<meta property=\"og:url\" content=\"https:\/\/www.sab.ch\/fr\/recommandations-concernant-limpot-sur-les-residences-secondaires\/\" \/>\n<meta property=\"og:site_name\" content=\"S A B\" \/>\n<meta property=\"article:published_time\" content=\"2026-04-29T07:34:17+00:00\" \/>\n<meta property=\"article:modified_time\" content=\"2026-04-29T08:06:46+00:00\" \/>\n<meta property=\"og:image\" content=\"https:\/\/www.sab.ch\/wp-content\/uploads\/2026\/04\/Buerchen-Chaletzone-07-2022.jpeg\" \/>\n\t<meta property=\"og:image:width\" content=\"2048\" \/>\n\t<meta property=\"og:image:height\" content=\"1536\" \/>\n\t<meta property=\"og:image:type\" content=\"image\/jpeg\" \/>\n<meta name=\"author\" content=\"info@sab.ch\" \/>\n<meta name=\"twitter:card\" content=\"summary_large_image\" \/>\n<meta name=\"twitter:label1\" content=\"\u00c9crit par\" \/>\n\t<meta name=\"twitter:data1\" content=\"info@sab.ch\" \/>\n\t<meta name=\"twitter:label2\" content=\"Dur\u00e9e de lecture estim\u00e9e\" \/>\n\t<meta name=\"twitter:data2\" content=\"1 minute\" \/>\n<script type=\"application\/ld+json\" class=\"yoast-schema-graph\">{\"@context\":\"https:\\\/\\\/schema.org\",\"@graph\":[{\"@type\":\"Article\",\"@id\":\"https:\\\/\\\/www.sab.ch\\\/fr\\\/recommandations-concernant-limpot-sur-les-residences-secondaires\\\/#article\",\"isPartOf\":{\"@id\":\"https:\\\/\\\/www.sab.ch\\\/fr\\\/recommandations-concernant-limpot-sur-les-residences-secondaires\\\/\"},\"author\":{\"name\":\"info@sab.ch\",\"@id\":\"https:\\\/\\\/www.sab.ch\\\/fr\\\/#\\\/schema\\\/person\\\/1c450bbe4df58dc14ede9b380c3a7a56\"},\"headline\":\"Recommandations concernant l&rsquo;imp\u00f4t sur les r\u00e9sidences secondaires\",\"datePublished\":\"2026-04-29T07:34:17+00:00\",\"dateModified\":\"2026-04-29T08:06:46+00:00\",\"mainEntityOfPage\":{\"@id\":\"https:\\\/\\\/www.sab.ch\\\/fr\\\/recommandations-concernant-limpot-sur-les-residences-secondaires\\\/\"},\"wordCount\":732,\"image\":{\"@id\":\"https:\\\/\\\/www.sab.ch\\\/fr\\\/recommandations-concernant-limpot-sur-les-residences-secondaires\\\/#primaryimage\"},\"thumbnailUrl\":\"https:\\\/\\\/www.sab.ch\\\/wp-content\\\/uploads\\\/2026\\\/04\\\/Buerchen-Chaletzone-07-2022.jpeg\",\"articleSection\":[\"Non classifi\u00e9(e)\"],\"inLanguage\":\"fr-FR\"},{\"@type\":\"WebPage\",\"@id\":\"https:\\\/\\\/www.sab.ch\\\/fr\\\/recommandations-concernant-limpot-sur-les-residences-secondaires\\\/\",\"url\":\"https:\\\/\\\/www.sab.ch\\\/fr\\\/recommandations-concernant-limpot-sur-les-residences-secondaires\\\/\",\"name\":\"Recommandations concernant l'imp\u00f4t sur les r\u00e9sidences secondaires - S A B\",\"isPartOf\":{\"@id\":\"https:\\\/\\\/www.sab.ch\\\/fr\\\/#website\"},\"primaryImageOfPage\":{\"@id\":\"https:\\\/\\\/www.sab.ch\\\/fr\\\/recommandations-concernant-limpot-sur-les-residences-secondaires\\\/#primaryimage\"},\"image\":{\"@id\":\"https:\\\/\\\/www.sab.ch\\\/fr\\\/recommandations-concernant-limpot-sur-les-residences-secondaires\\\/#primaryimage\"},\"thumbnailUrl\":\"https:\\\/\\\/www.sab.ch\\\/wp-content\\\/uploads\\\/2026\\\/04\\\/Buerchen-Chaletzone-07-2022.jpeg\",\"datePublished\":\"2026-04-29T07:34:17+00:00\",\"dateModified\":\"2026-04-29T08:06:46+00:00\",\"author\":{\"@id\":\"https:\\\/\\\/www.sab.ch\\\/fr\\\/#\\\/schema\\\/person\\\/1c450bbe4df58dc14ede9b380c3a7a56\"},\"breadcrumb\":{\"@id\":\"https:\\\/\\\/www.sab.ch\\\/fr\\\/recommandations-concernant-limpot-sur-les-residences-secondaires\\\/#breadcrumb\"},\"inLanguage\":\"fr-FR\",\"potentialAction\":[{\"@type\":\"ReadAction\",\"target\":[\"https:\\\/\\\/www.sab.ch\\\/fr\\\/recommandations-concernant-limpot-sur-les-residences-secondaires\\\/\"]}]},{\"@type\":\"ImageObject\",\"inLanguage\":\"fr-FR\",\"@id\":\"https:\\\/\\\/www.sab.ch\\\/fr\\\/recommandations-concernant-limpot-sur-les-residences-secondaires\\\/#primaryimage\",\"url\":\"https:\\\/\\\/www.sab.ch\\\/wp-content\\\/uploads\\\/2026\\\/04\\\/Buerchen-Chaletzone-07-2022.jpeg\",\"contentUrl\":\"https:\\\/\\\/www.sab.ch\\\/wp-content\\\/uploads\\\/2026\\\/04\\\/Buerchen-Chaletzone-07-2022.jpeg\",\"width\":2048,\"height\":1536},{\"@type\":\"BreadcrumbList\",\"@id\":\"https:\\\/\\\/www.sab.ch\\\/fr\\\/recommandations-concernant-limpot-sur-les-residences-secondaires\\\/#breadcrumb\",\"itemListElement\":[{\"@type\":\"ListItem\",\"position\":1,\"name\":\"Startseite\",\"item\":\"https:\\\/\\\/www.sab.ch\\\/fr\\\/home\\\/\"},{\"@type\":\"ListItem\",\"position\":2,\"name\":\"Recommandations concernant l&#8217;imp\u00f4t sur les r\u00e9sidences secondaires\"}]},{\"@type\":\"WebSite\",\"@id\":\"https:\\\/\\\/www.sab.ch\\\/fr\\\/#website\",\"url\":\"https:\\\/\\\/www.sab.ch\\\/fr\\\/\",\"name\":\"S A B\",\"description\":\"\",\"potentialAction\":[{\"@type\":\"SearchAction\",\"target\":{\"@type\":\"EntryPoint\",\"urlTemplate\":\"https:\\\/\\\/www.sab.ch\\\/fr\\\/?s={search_term_string}\"},\"query-input\":{\"@type\":\"PropertyValueSpecification\",\"valueRequired\":true,\"valueName\":\"search_term_string\"}}],\"inLanguage\":\"fr-FR\"},{\"@type\":\"Person\",\"@id\":\"https:\\\/\\\/www.sab.ch\\\/fr\\\/#\\\/schema\\\/person\\\/1c450bbe4df58dc14ede9b380c3a7a56\",\"name\":\"info@sab.ch\",\"image\":{\"@type\":\"ImageObject\",\"inLanguage\":\"fr-FR\",\"@id\":\"https:\\\/\\\/secure.gravatar.com\\\/avatar\\\/90c278b6370763730f8642919a0c5b49ea5c114838185d47f2c357efc929a851?s=96&d=mm&r=g\",\"url\":\"https:\\\/\\\/secure.gravatar.com\\\/avatar\\\/90c278b6370763730f8642919a0c5b49ea5c114838185d47f2c357efc929a851?s=96&d=mm&r=g\",\"contentUrl\":\"https:\\\/\\\/secure.gravatar.com\\\/avatar\\\/90c278b6370763730f8642919a0c5b49ea5c114838185d47f2c357efc929a851?s=96&d=mm&r=g\",\"caption\":\"info@sab.ch\"},\"url\":\"https:\\\/\\\/www.sab.ch\\\/fr\\\/author\\\/infosab-ch\\\/\"}]}<\/script>\n<!-- \/ Yoast SEO plugin. -->","yoast_head_json":{"title":"Recommandations concernant l'imp\u00f4t sur les r\u00e9sidences secondaires - S A B","robots":{"index":"index","follow":"follow","max-snippet":"max-snippet:-1","max-image-preview":"max-image-preview:large","max-video-preview":"max-video-preview:-1"},"canonical":"https:\/\/www.sab.ch\/fr\/recommandations-concernant-limpot-sur-les-residences-secondaires\/","og_locale":"fr_FR","og_type":"article","og_title":"Recommandations concernant l'imp\u00f4t sur les r\u00e9sidences secondaires - S A B","og_description":"\u00c0 la demande de la Conf\u00e9rence des pr\u00e9sidentes et pr\u00e9sidents de communes touristiques de montagne, le SAB a formul\u00e9 des recommandations en vue de l'introduction, au niveau cantonal, d'un imp\u00f4t sur les r\u00e9sidences secondaires occup\u00e9es par leur propri\u00e9taire. Les communes touristiques souhaitent, gr\u00e2ce \u00e0 ces recommandations, \u00e9viter des pertes fiscales trop importantes suite \u00e0 la suppression de l'imposition de la valeur locative. Le temps presse, car l\u2019imposition de la valeur locative sera supprim\u00e9e d\u00e8s le 1er janvier 2029.","og_url":"https:\/\/www.sab.ch\/fr\/recommandations-concernant-limpot-sur-les-residences-secondaires\/","og_site_name":"S A B","article_published_time":"2026-04-29T07:34:17+00:00","article_modified_time":"2026-04-29T08:06:46+00:00","og_image":[{"width":2048,"height":1536,"url":"https:\/\/www.sab.ch\/wp-content\/uploads\/2026\/04\/Buerchen-Chaletzone-07-2022.jpeg","type":"image\/jpeg"}],"author":"info@sab.ch","twitter_card":"summary_large_image","twitter_misc":{"\u00c9crit par":"info@sab.ch","Dur\u00e9e de lecture estim\u00e9e":"1 minute"},"schema":{"@context":"https:\/\/schema.org","@graph":[{"@type":"Article","@id":"https:\/\/www.sab.ch\/fr\/recommandations-concernant-limpot-sur-les-residences-secondaires\/#article","isPartOf":{"@id":"https:\/\/www.sab.ch\/fr\/recommandations-concernant-limpot-sur-les-residences-secondaires\/"},"author":{"name":"info@sab.ch","@id":"https:\/\/www.sab.ch\/fr\/#\/schema\/person\/1c450bbe4df58dc14ede9b380c3a7a56"},"headline":"Recommandations concernant l&rsquo;imp\u00f4t sur les r\u00e9sidences secondaires","datePublished":"2026-04-29T07:34:17+00:00","dateModified":"2026-04-29T08:06:46+00:00","mainEntityOfPage":{"@id":"https:\/\/www.sab.ch\/fr\/recommandations-concernant-limpot-sur-les-residences-secondaires\/"},"wordCount":732,"image":{"@id":"https:\/\/www.sab.ch\/fr\/recommandations-concernant-limpot-sur-les-residences-secondaires\/#primaryimage"},"thumbnailUrl":"https:\/\/www.sab.ch\/wp-content\/uploads\/2026\/04\/Buerchen-Chaletzone-07-2022.jpeg","articleSection":["Non classifi\u00e9(e)"],"inLanguage":"fr-FR"},{"@type":"WebPage","@id":"https:\/\/www.sab.ch\/fr\/recommandations-concernant-limpot-sur-les-residences-secondaires\/","url":"https:\/\/www.sab.ch\/fr\/recommandations-concernant-limpot-sur-les-residences-secondaires\/","name":"Recommandations concernant l'imp\u00f4t sur les r\u00e9sidences secondaires - S A B","isPartOf":{"@id":"https:\/\/www.sab.ch\/fr\/#website"},"primaryImageOfPage":{"@id":"https:\/\/www.sab.ch\/fr\/recommandations-concernant-limpot-sur-les-residences-secondaires\/#primaryimage"},"image":{"@id":"https:\/\/www.sab.ch\/fr\/recommandations-concernant-limpot-sur-les-residences-secondaires\/#primaryimage"},"thumbnailUrl":"https:\/\/www.sab.ch\/wp-content\/uploads\/2026\/04\/Buerchen-Chaletzone-07-2022.jpeg","datePublished":"2026-04-29T07:34:17+00:00","dateModified":"2026-04-29T08:06:46+00:00","author":{"@id":"https:\/\/www.sab.ch\/fr\/#\/schema\/person\/1c450bbe4df58dc14ede9b380c3a7a56"},"breadcrumb":{"@id":"https:\/\/www.sab.ch\/fr\/recommandations-concernant-limpot-sur-les-residences-secondaires\/#breadcrumb"},"inLanguage":"fr-FR","potentialAction":[{"@type":"ReadAction","target":["https:\/\/www.sab.ch\/fr\/recommandations-concernant-limpot-sur-les-residences-secondaires\/"]}]},{"@type":"ImageObject","inLanguage":"fr-FR","@id":"https:\/\/www.sab.ch\/fr\/recommandations-concernant-limpot-sur-les-residences-secondaires\/#primaryimage","url":"https:\/\/www.sab.ch\/wp-content\/uploads\/2026\/04\/Buerchen-Chaletzone-07-2022.jpeg","contentUrl":"https:\/\/www.sab.ch\/wp-content\/uploads\/2026\/04\/Buerchen-Chaletzone-07-2022.jpeg","width":2048,"height":1536},{"@type":"BreadcrumbList","@id":"https:\/\/www.sab.ch\/fr\/recommandations-concernant-limpot-sur-les-residences-secondaires\/#breadcrumb","itemListElement":[{"@type":"ListItem","position":1,"name":"Startseite","item":"https:\/\/www.sab.ch\/fr\/home\/"},{"@type":"ListItem","position":2,"name":"Recommandations concernant l&#8217;imp\u00f4t sur les r\u00e9sidences secondaires"}]},{"@type":"WebSite","@id":"https:\/\/www.sab.ch\/fr\/#website","url":"https:\/\/www.sab.ch\/fr\/","name":"S A B","description":"","potentialAction":[{"@type":"SearchAction","target":{"@type":"EntryPoint","urlTemplate":"https:\/\/www.sab.ch\/fr\/?s={search_term_string}"},"query-input":{"@type":"PropertyValueSpecification","valueRequired":true,"valueName":"search_term_string"}}],"inLanguage":"fr-FR"},{"@type":"Person","@id":"https:\/\/www.sab.ch\/fr\/#\/schema\/person\/1c450bbe4df58dc14ede9b380c3a7a56","name":"info@sab.ch","image":{"@type":"ImageObject","inLanguage":"fr-FR","@id":"https:\/\/secure.gravatar.com\/avatar\/90c278b6370763730f8642919a0c5b49ea5c114838185d47f2c357efc929a851?s=96&d=mm&r=g","url":"https:\/\/secure.gravatar.com\/avatar\/90c278b6370763730f8642919a0c5b49ea5c114838185d47f2c357efc929a851?s=96&d=mm&r=g","contentUrl":"https:\/\/secure.gravatar.com\/avatar\/90c278b6370763730f8642919a0c5b49ea5c114838185d47f2c357efc929a851?s=96&d=mm&r=g","caption":"info@sab.ch"},"url":"https:\/\/www.sab.ch\/fr\/author\/infosab-ch\/"}]}},"_links":{"self":[{"href":"https:\/\/www.sab.ch\/fr\/wp-json\/wp\/v2\/posts\/32229","targetHints":{"allow":["GET"]}}],"collection":[{"href":"https:\/\/www.sab.ch\/fr\/wp-json\/wp\/v2\/posts"}],"about":[{"href":"https:\/\/www.sab.ch\/fr\/wp-json\/wp\/v2\/types\/post"}],"author":[{"embeddable":true,"href":"https:\/\/www.sab.ch\/fr\/wp-json\/wp\/v2\/users\/4"}],"replies":[{"embeddable":true,"href":"https:\/\/www.sab.ch\/fr\/wp-json\/wp\/v2\/comments?post=32229"}],"version-history":[{"count":9,"href":"https:\/\/www.sab.ch\/fr\/wp-json\/wp\/v2\/posts\/32229\/revisions"}],"predecessor-version":[{"id":32256,"href":"https:\/\/www.sab.ch\/fr\/wp-json\/wp\/v2\/posts\/32229\/revisions\/32256"}],"wp:featuredmedia":[{"embeddable":true,"href":"https:\/\/www.sab.ch\/fr\/wp-json\/wp\/v2\/media\/32228"}],"wp:attachment":[{"href":"https:\/\/www.sab.ch\/fr\/wp-json\/wp\/v2\/media?parent=32229"}],"wp:term":[{"taxonomy":"category","embeddable":true,"href":"https:\/\/www.sab.ch\/fr\/wp-json\/wp\/v2\/categories?post=32229"},{"taxonomy":"post_tag","embeddable":true,"href":"https:\/\/www.sab.ch\/fr\/wp-json\/wp\/v2\/tags?post=32229"}],"curies":[{"name":"wp","href":"https:\/\/api.w.org\/{rel}","templated":true}]}}