{"id":32318,"date":"2026-04-30T11:19:05","date_gmt":"2026-04-30T09:19:05","guid":{"rendered":"https:\/\/www.sab.ch\/prise-de-position-quant-au-message-sur-la-promotion-economique-2028-2031\/"},"modified":"2026-04-30T11:21:46","modified_gmt":"2026-04-30T09:21:46","slug":"prise-de-position-quant-au-message-sur-la-promotion-economique-2028-2031","status":"publish","type":"post","link":"https:\/\/www.sab.ch\/fr\/prise-de-position-quant-au-message-sur-la-promotion-economique-2028-2031\/","title":{"rendered":"Prise de position quant au message sur la \u00ab Promotion \u00e9conomique 2028-2031 \u00bb"},"content":{"rendered":"<div id='av_section_1'  class='avia-section av-kbug1hwh-c289e54a3724eb607f5001286d112c66 main_color avia-section-default avia-shadow  avia-builder-el-0  avia-builder-el-no-sibling  avia-bg-style-scroll container_wrap fullsize'  ><div class='container av-section-cont-open' ><main  role=\"main\" itemprop=\"mainContentOfPage\"  class='template-page content  av-content-full alpha units'><div class='post-entry post-entry-type-page post-entry-32318'><div class='entry-content-wrapper clearfix'>\n\n<style type=\"text\/css\" data-created_by=\"avia_inline_auto\" id=\"style-css-av-1jeyq-9502dd93e19d75a741d42ecb7c9a7202\">\n.flex_column.av-1jeyq-9502dd93e19d75a741d42ecb7c9a7202{\nborder-radius:0px 0px 0px 0px;\npadding:0px 0px 0px 0px;\n}\n<\/style>\n<div  class='flex_column av-1jeyq-9502dd93e19d75a741d42ecb7c9a7202 av_two_third  avia-builder-el-1  el_before_av_one_third  avia-builder-el-first  first flex_column_div av-zero-column-padding  '     ><section  class='av_textblock_section av-kbug13ai-ca2666aa166dc4bea4f861856462a7a3 '   itemscope=\"itemscope\" itemtype=\"https:\/\/schema.org\/BlogPosting\" itemprop=\"blogPost\" ><div class='avia_textblock'  itemprop=\"text\" ><h3>Prise de position quant au message sur la \u00ab Promotion \u00e9conomique 2028-2031 \u00bb<\/h3>\n<p>Le SAB et l\u2019Association des communes suisses ont demand\u00e9 au Conseil f\u00e9d\u00e9ral de mettre fin \u00e0 la consultation relative au message sur la \u00ab Promotion \u00e9conomique 2028\u20132031 \u00bb. Malheureusement, le Conseil f\u00e9d\u00e9ral n\u2019est pas dispos\u00e9 \u00e0 entrer en mati\u00e8re. Dans sa prise de position, le SAB rejette donc le message sur la \u00ab Promotion \u00e9conomique \u00bb. Ce dernier doit \u00eatre profond\u00e9ment remani\u00e9, conform\u00e9ment aux d\u00e9cisions du Parlement, prises dans le cadre du Programme d\u2019all\u00e8gement budg\u00e9taire 2027. La volont\u00e9 de la Conf\u00e9d\u00e9ration de se retirer de la politique r\u00e9gionale, \u00e9voqu\u00e9e lors de la consultation, est en totale contradiction avec les d\u00e9cisions du Parlement et ne sera en aucun cas accept\u00e9e par notre organisation. Dans la perspective du prochain programme pluriannuel, le SAB attend du Conseil f\u00e9d\u00e9ral qu\u2019il renforce la politique r\u00e9gionale.<\/p>\n<p><a href=\"https:\/\/www.sab.ch\/wp-content\/uploads\/2026\/04\/Botschaft-Standortfoerderung-2028-31-SN-SAB.pdf\">Prise de position quant au message sur la \u00ab Promotion \u00e9conomique 2028-2031 \u00bb<\/a><\/p>\n<\/div><\/section><\/div>\n<style type=\"text\/css\" data-created_by=\"avia_inline_auto\" id=\"style-css-av-11ss6-43e62b351ecfb41c6d740c9a54758486\">\n.flex_column.av-11ss6-43e62b351ecfb41c6d740c9a54758486{\nborder-radius:0px 0px 0px 0px;\npadding:0px 0px 0px 0px;\n}\n<\/style>\n<div  class='flex_column av-11ss6-43e62b351ecfb41c6d740c9a54758486 av_one_third  avia-builder-el-3  el_after_av_two_third  avia-builder-el-last  flex_column_div av-zero-column-padding  '     ><style type=\"text\/css\" data-created_by=\"avia_inline_auto\" id=\"style-css-av-tol4g7-7310bd65e92ec3ca091b1c2818c67079\">\n.avia-image-container.av-tol4g7-7310bd65e92ec3ca091b1c2818c67079 img.avia_image{\nbox-shadow:none;\n}\n.avia-image-container.av-tol4g7-7310bd65e92ec3ca091b1c2818c67079 .av-image-caption-overlay-center{\ncolor:#ffffff;\n}\n<\/style>\n<div  class='avia-image-container av-tol4g7-7310bd65e92ec3ca091b1c2818c67079 av-styling- avia-align-center  avia-builder-el-4  avia-builder-el-no-sibling '   itemprop=\"image\" itemscope=\"itemscope\" itemtype=\"https:\/\/schema.org\/ImageObject\" ><div class=\"avia-image-container-inner\"><div class=\"avia-image-overlay-wrap\"><img decoding=\"async\" fetchpriority=\"high\" class='wp-image-32319 avia-img-lazy-loading-not-32319 avia_image ' src=\"https:\/\/www.sab.ch\/wp-content\/uploads\/2026\/04\/Plakate-50-Jahre-Regionalpolitik-4-1-1024x433.jpg\" alt='' title='Plakate 50 Jahre Regionalpolitik 4'  height=\"433\" width=\"1024\"  itemprop=\"thumbnailUrl\" srcset=\"https:\/\/www.sab.ch\/wp-content\/uploads\/2026\/04\/Plakate-50-Jahre-Regionalpolitik-4-1-1024x433.jpg 1024w, https:\/\/www.sab.ch\/wp-content\/uploads\/2026\/04\/Plakate-50-Jahre-Regionalpolitik-4-1-1920x812.jpg 1920w, https:\/\/www.sab.ch\/wp-content\/uploads\/2026\/04\/Plakate-50-Jahre-Regionalpolitik-4-1-768x325.jpg 768w, https:\/\/www.sab.ch\/wp-content\/uploads\/2026\/04\/Plakate-50-Jahre-Regionalpolitik-4-1-1536x650.jpg 1536w, https:\/\/www.sab.ch\/wp-content\/uploads\/2026\/04\/Plakate-50-Jahre-Regionalpolitik-4-1-2048x866.jpg 2048w, https:\/\/www.sab.ch\/wp-content\/uploads\/2026\/04\/Plakate-50-Jahre-Regionalpolitik-4-1-1500x634.jpg 1500w, https:\/\/www.sab.ch\/wp-content\/uploads\/2026\/04\/Plakate-50-Jahre-Regionalpolitik-4-1-705x298.jpg 705w\" sizes=\"(max-width: 1024px) 100vw, 1024px\" \/><\/div><\/div><\/div><\/div>\n","protected":false},"excerpt":{"rendered":"<p>Le SAB et l\u2019Association des communes suisses ont demand\u00e9 au Conseil f\u00e9d\u00e9ral de mettre fin \u00e0 la consultation relative au message sur la \u00ab Promotion \u00e9conomique 2028\u20132031 \u00bb. Malheureusement, le Conseil f\u00e9d\u00e9ral n\u2019est pas dispos\u00e9 \u00e0 entrer en mati\u00e8re. Dans sa prise de position, le SAB rejette donc le message sur la \u00ab Promotion \u00e9conomique \u00bb. Ce dernier doit \u00eatre profond\u00e9ment remani\u00e9, conform\u00e9ment aux d\u00e9cisions du Parlement, prises dans le cadre du Programme d\u2019all\u00e8gement budg\u00e9taire 2027. La volont\u00e9 de la Conf\u00e9d\u00e9ration de se retirer de la politique r\u00e9gionale, \u00e9voqu\u00e9e lors de la consultation, est en totale contradiction avec les d\u00e9cisions du Parlement et ne sera en aucun cas accept\u00e9e par notre organisation. Dans la perspective du prochain programme pluriannuel, le SAB attend du Conseil f\u00e9d\u00e9ral qu\u2019il renforce la politique r\u00e9gionale.    <\/p>\n","protected":false},"author":4,"featured_media":32319,"comment_status":"closed","ping_status":"open","sticky":false,"template":"","format":"standard","meta":{"footnotes":""},"categories":[4],"tags":[],"class_list":["post-32318","post","type-post","status-publish","format-standard","has-post-thumbnail","hentry","category-non-classifiee"],"yoast_head":"<!-- This site is optimized with the Yoast SEO plugin v27.5 - https:\/\/yoast.com\/product\/yoast-seo-wordpress\/ -->\n<title>Prise de position quant au message sur la \u00ab Promotion \u00e9conomique 2028-2031 \u00bb - S A B<\/title>\n<meta name=\"robots\" content=\"index, follow, max-snippet:-1, max-image-preview:large, max-video-preview:-1\" \/>\n<link rel=\"canonical\" href=\"https:\/\/www.sab.ch\/fr\/prise-de-position-quant-au-message-sur-la-promotion-economique-2028-2031\/\" \/>\n<meta property=\"og:locale\" content=\"fr_FR\" \/>\n<meta property=\"og:type\" content=\"article\" \/>\n<meta property=\"og:title\" content=\"Prise de position quant au message sur la \u00ab Promotion \u00e9conomique 2028-2031 \u00bb - S A B\" \/>\n<meta property=\"og:description\" content=\"Le SAB et l\u2019Association des communes suisses ont demand\u00e9 au Conseil f\u00e9d\u00e9ral de mettre fin \u00e0 la consultation relative au message sur la \u00ab Promotion \u00e9conomique 2028\u20132031 \u00bb. Malheureusement, le Conseil f\u00e9d\u00e9ral n\u2019est pas dispos\u00e9 \u00e0 entrer en mati\u00e8re. Dans sa prise de position, le SAB rejette donc le message sur la \u00ab Promotion \u00e9conomique \u00bb. Ce dernier doit \u00eatre profond\u00e9ment remani\u00e9, conform\u00e9ment aux d\u00e9cisions du Parlement, prises dans le cadre du Programme d\u2019all\u00e8gement budg\u00e9taire 2027. La volont\u00e9 de la Conf\u00e9d\u00e9ration de se retirer de la politique r\u00e9gionale, \u00e9voqu\u00e9e lors de la consultation, est en totale contradiction avec les d\u00e9cisions du Parlement et ne sera en aucun cas accept\u00e9e par notre organisation. Dans la perspective du prochain programme pluriannuel, le SAB attend du Conseil f\u00e9d\u00e9ral qu\u2019il renforce la politique r\u00e9gionale.\" \/>\n<meta property=\"og:url\" content=\"https:\/\/www.sab.ch\/fr\/prise-de-position-quant-au-message-sur-la-promotion-economique-2028-2031\/\" \/>\n<meta property=\"og:site_name\" content=\"S A B\" \/>\n<meta property=\"article:published_time\" content=\"2026-04-30T09:19:05+00:00\" \/>\n<meta property=\"article:modified_time\" content=\"2026-04-30T09:21:46+00:00\" \/>\n<meta property=\"og:image\" content=\"https:\/\/www.sab.ch\/wp-content\/uploads\/2026\/04\/Plakate-50-Jahre-Regionalpolitik-4-1-scaled.jpg\" \/>\n\t<meta property=\"og:image:width\" content=\"2560\" \/>\n\t<meta property=\"og:image:height\" content=\"1083\" \/>\n\t<meta property=\"og:image:type\" content=\"image\/jpeg\" \/>\n<meta name=\"author\" content=\"info@sab.ch\" \/>\n<meta name=\"twitter:card\" content=\"summary_large_image\" \/>\n<meta name=\"twitter:label1\" content=\"\u00c9crit par\" \/>\n\t<meta name=\"twitter:data1\" content=\"info@sab.ch\" \/>\n\t<meta name=\"twitter:label2\" content=\"Dur\u00e9e de lecture estim\u00e9e\" \/>\n\t<meta name=\"twitter:data2\" content=\"2 minutes\" \/>\n<script type=\"application\/ld+json\" class=\"yoast-schema-graph\">{\"@context\":\"https:\\\/\\\/schema.org\",\"@graph\":[{\"@type\":\"Article\",\"@id\":\"https:\\\/\\\/www.sab.ch\\\/fr\\\/prise-de-position-quant-au-message-sur-la-promotion-economique-2028-2031\\\/#article\",\"isPartOf\":{\"@id\":\"https:\\\/\\\/www.sab.ch\\\/fr\\\/prise-de-position-quant-au-message-sur-la-promotion-economique-2028-2031\\\/\"},\"author\":{\"name\":\"info@sab.ch\",\"@id\":\"https:\\\/\\\/www.sab.ch\\\/fr\\\/#\\\/schema\\\/person\\\/1c450bbe4df58dc14ede9b380c3a7a56\"},\"headline\":\"Prise de position quant au message sur la \u00ab Promotion \u00e9conomique 2028-2031 \u00bb\",\"datePublished\":\"2026-04-30T09:19:05+00:00\",\"dateModified\":\"2026-04-30T09:21:46+00:00\",\"mainEntityOfPage\":{\"@id\":\"https:\\\/\\\/www.sab.ch\\\/fr\\\/prise-de-position-quant-au-message-sur-la-promotion-economique-2028-2031\\\/\"},\"wordCount\":795,\"image\":{\"@id\":\"https:\\\/\\\/www.sab.ch\\\/fr\\\/prise-de-position-quant-au-message-sur-la-promotion-economique-2028-2031\\\/#primaryimage\"},\"thumbnailUrl\":\"https:\\\/\\\/www.sab.ch\\\/wp-content\\\/uploads\\\/2026\\\/04\\\/Plakate-50-Jahre-Regionalpolitik-4-1-scaled.jpg\",\"articleSection\":[\"Non classifi\u00e9(e)\"],\"inLanguage\":\"fr-FR\"},{\"@type\":\"WebPage\",\"@id\":\"https:\\\/\\\/www.sab.ch\\\/fr\\\/prise-de-position-quant-au-message-sur-la-promotion-economique-2028-2031\\\/\",\"url\":\"https:\\\/\\\/www.sab.ch\\\/fr\\\/prise-de-position-quant-au-message-sur-la-promotion-economique-2028-2031\\\/\",\"name\":\"Prise de position quant au message sur la \u00ab Promotion \u00e9conomique 2028-2031 \u00bb - S A B\",\"isPartOf\":{\"@id\":\"https:\\\/\\\/www.sab.ch\\\/fr\\\/#website\"},\"primaryImageOfPage\":{\"@id\":\"https:\\\/\\\/www.sab.ch\\\/fr\\\/prise-de-position-quant-au-message-sur-la-promotion-economique-2028-2031\\\/#primaryimage\"},\"image\":{\"@id\":\"https:\\\/\\\/www.sab.ch\\\/fr\\\/prise-de-position-quant-au-message-sur-la-promotion-economique-2028-2031\\\/#primaryimage\"},\"thumbnailUrl\":\"https:\\\/\\\/www.sab.ch\\\/wp-content\\\/uploads\\\/2026\\\/04\\\/Plakate-50-Jahre-Regionalpolitik-4-1-scaled.jpg\",\"datePublished\":\"2026-04-30T09:19:05+00:00\",\"dateModified\":\"2026-04-30T09:21:46+00:00\",\"author\":{\"@id\":\"https:\\\/\\\/www.sab.ch\\\/fr\\\/#\\\/schema\\\/person\\\/1c450bbe4df58dc14ede9b380c3a7a56\"},\"breadcrumb\":{\"@id\":\"https:\\\/\\\/www.sab.ch\\\/fr\\\/prise-de-position-quant-au-message-sur-la-promotion-economique-2028-2031\\\/#breadcrumb\"},\"inLanguage\":\"fr-FR\",\"potentialAction\":[{\"@type\":\"ReadAction\",\"target\":[\"https:\\\/\\\/www.sab.ch\\\/fr\\\/prise-de-position-quant-au-message-sur-la-promotion-economique-2028-2031\\\/\"]}]},{\"@type\":\"ImageObject\",\"inLanguage\":\"fr-FR\",\"@id\":\"https:\\\/\\\/www.sab.ch\\\/fr\\\/prise-de-position-quant-au-message-sur-la-promotion-economique-2028-2031\\\/#primaryimage\",\"url\":\"https:\\\/\\\/www.sab.ch\\\/wp-content\\\/uploads\\\/2026\\\/04\\\/Plakate-50-Jahre-Regionalpolitik-4-1-scaled.jpg\",\"contentUrl\":\"https:\\\/\\\/www.sab.ch\\\/wp-content\\\/uploads\\\/2026\\\/04\\\/Plakate-50-Jahre-Regionalpolitik-4-1-scaled.jpg\",\"width\":2560,\"height\":1083},{\"@type\":\"BreadcrumbList\",\"@id\":\"https:\\\/\\\/www.sab.ch\\\/fr\\\/prise-de-position-quant-au-message-sur-la-promotion-economique-2028-2031\\\/#breadcrumb\",\"itemListElement\":[{\"@type\":\"ListItem\",\"position\":1,\"name\":\"Startseite\",\"item\":\"https:\\\/\\\/www.sab.ch\\\/fr\\\/home\\\/\"},{\"@type\":\"ListItem\",\"position\":2,\"name\":\"Prise de position quant au message sur la \u00ab Promotion \u00e9conomique 2028-2031 \u00bb\"}]},{\"@type\":\"WebSite\",\"@id\":\"https:\\\/\\\/www.sab.ch\\\/fr\\\/#website\",\"url\":\"https:\\\/\\\/www.sab.ch\\\/fr\\\/\",\"name\":\"S A B\",\"description\":\"\",\"potentialAction\":[{\"@type\":\"SearchAction\",\"target\":{\"@type\":\"EntryPoint\",\"urlTemplate\":\"https:\\\/\\\/www.sab.ch\\\/fr\\\/?s={search_term_string}\"},\"query-input\":{\"@type\":\"PropertyValueSpecification\",\"valueRequired\":true,\"valueName\":\"search_term_string\"}}],\"inLanguage\":\"fr-FR\"},{\"@type\":\"Person\",\"@id\":\"https:\\\/\\\/www.sab.ch\\\/fr\\\/#\\\/schema\\\/person\\\/1c450bbe4df58dc14ede9b380c3a7a56\",\"name\":\"info@sab.ch\",\"image\":{\"@type\":\"ImageObject\",\"inLanguage\":\"fr-FR\",\"@id\":\"https:\\\/\\\/secure.gravatar.com\\\/avatar\\\/90c278b6370763730f8642919a0c5b49ea5c114838185d47f2c357efc929a851?s=96&d=mm&r=g\",\"url\":\"https:\\\/\\\/secure.gravatar.com\\\/avatar\\\/90c278b6370763730f8642919a0c5b49ea5c114838185d47f2c357efc929a851?s=96&d=mm&r=g\",\"contentUrl\":\"https:\\\/\\\/secure.gravatar.com\\\/avatar\\\/90c278b6370763730f8642919a0c5b49ea5c114838185d47f2c357efc929a851?s=96&d=mm&r=g\",\"caption\":\"info@sab.ch\"},\"url\":\"https:\\\/\\\/www.sab.ch\\\/fr\\\/author\\\/infosab-ch\\\/\"}]}<\/script>\n<!-- \/ Yoast SEO plugin. -->","yoast_head_json":{"title":"Prise de position quant au message sur la \u00ab Promotion \u00e9conomique 2028-2031 \u00bb - S A B","robots":{"index":"index","follow":"follow","max-snippet":"max-snippet:-1","max-image-preview":"max-image-preview:large","max-video-preview":"max-video-preview:-1"},"canonical":"https:\/\/www.sab.ch\/fr\/prise-de-position-quant-au-message-sur-la-promotion-economique-2028-2031\/","og_locale":"fr_FR","og_type":"article","og_title":"Prise de position quant au message sur la \u00ab Promotion \u00e9conomique 2028-2031 \u00bb - S A B","og_description":"Le SAB et l\u2019Association des communes suisses ont demand\u00e9 au Conseil f\u00e9d\u00e9ral de mettre fin \u00e0 la consultation relative au message sur la \u00ab Promotion \u00e9conomique 2028\u20132031 \u00bb. Malheureusement, le Conseil f\u00e9d\u00e9ral n\u2019est pas dispos\u00e9 \u00e0 entrer en mati\u00e8re. Dans sa prise de position, le SAB rejette donc le message sur la \u00ab Promotion \u00e9conomique \u00bb. Ce dernier doit \u00eatre profond\u00e9ment remani\u00e9, conform\u00e9ment aux d\u00e9cisions du Parlement, prises dans le cadre du Programme d\u2019all\u00e8gement budg\u00e9taire 2027. La volont\u00e9 de la Conf\u00e9d\u00e9ration de se retirer de la politique r\u00e9gionale, \u00e9voqu\u00e9e lors de la consultation, est en totale contradiction avec les d\u00e9cisions du Parlement et ne sera en aucun cas accept\u00e9e par notre organisation. Dans la perspective du prochain programme pluriannuel, le SAB attend du Conseil f\u00e9d\u00e9ral qu\u2019il renforce la politique r\u00e9gionale.","og_url":"https:\/\/www.sab.ch\/fr\/prise-de-position-quant-au-message-sur-la-promotion-economique-2028-2031\/","og_site_name":"S A B","article_published_time":"2026-04-30T09:19:05+00:00","article_modified_time":"2026-04-30T09:21:46+00:00","og_image":[{"width":2560,"height":1083,"url":"https:\/\/www.sab.ch\/wp-content\/uploads\/2026\/04\/Plakate-50-Jahre-Regionalpolitik-4-1-scaled.jpg","type":"image\/jpeg"}],"author":"info@sab.ch","twitter_card":"summary_large_image","twitter_misc":{"\u00c9crit par":"info@sab.ch","Dur\u00e9e de lecture estim\u00e9e":"2 minutes"},"schema":{"@context":"https:\/\/schema.org","@graph":[{"@type":"Article","@id":"https:\/\/www.sab.ch\/fr\/prise-de-position-quant-au-message-sur-la-promotion-economique-2028-2031\/#article","isPartOf":{"@id":"https:\/\/www.sab.ch\/fr\/prise-de-position-quant-au-message-sur-la-promotion-economique-2028-2031\/"},"author":{"name":"info@sab.ch","@id":"https:\/\/www.sab.ch\/fr\/#\/schema\/person\/1c450bbe4df58dc14ede9b380c3a7a56"},"headline":"Prise de position quant au message sur la \u00ab Promotion \u00e9conomique 2028-2031 \u00bb","datePublished":"2026-04-30T09:19:05+00:00","dateModified":"2026-04-30T09:21:46+00:00","mainEntityOfPage":{"@id":"https:\/\/www.sab.ch\/fr\/prise-de-position-quant-au-message-sur-la-promotion-economique-2028-2031\/"},"wordCount":795,"image":{"@id":"https:\/\/www.sab.ch\/fr\/prise-de-position-quant-au-message-sur-la-promotion-economique-2028-2031\/#primaryimage"},"thumbnailUrl":"https:\/\/www.sab.ch\/wp-content\/uploads\/2026\/04\/Plakate-50-Jahre-Regionalpolitik-4-1-scaled.jpg","articleSection":["Non classifi\u00e9(e)"],"inLanguage":"fr-FR"},{"@type":"WebPage","@id":"https:\/\/www.sab.ch\/fr\/prise-de-position-quant-au-message-sur-la-promotion-economique-2028-2031\/","url":"https:\/\/www.sab.ch\/fr\/prise-de-position-quant-au-message-sur-la-promotion-economique-2028-2031\/","name":"Prise de position quant au message sur la \u00ab Promotion \u00e9conomique 2028-2031 \u00bb - S A B","isPartOf":{"@id":"https:\/\/www.sab.ch\/fr\/#website"},"primaryImageOfPage":{"@id":"https:\/\/www.sab.ch\/fr\/prise-de-position-quant-au-message-sur-la-promotion-economique-2028-2031\/#primaryimage"},"image":{"@id":"https:\/\/www.sab.ch\/fr\/prise-de-position-quant-au-message-sur-la-promotion-economique-2028-2031\/#primaryimage"},"thumbnailUrl":"https:\/\/www.sab.ch\/wp-content\/uploads\/2026\/04\/Plakate-50-Jahre-Regionalpolitik-4-1-scaled.jpg","datePublished":"2026-04-30T09:19:05+00:00","dateModified":"2026-04-30T09:21:46+00:00","author":{"@id":"https:\/\/www.sab.ch\/fr\/#\/schema\/person\/1c450bbe4df58dc14ede9b380c3a7a56"},"breadcrumb":{"@id":"https:\/\/www.sab.ch\/fr\/prise-de-position-quant-au-message-sur-la-promotion-economique-2028-2031\/#breadcrumb"},"inLanguage":"fr-FR","potentialAction":[{"@type":"ReadAction","target":["https:\/\/www.sab.ch\/fr\/prise-de-position-quant-au-message-sur-la-promotion-economique-2028-2031\/"]}]},{"@type":"ImageObject","inLanguage":"fr-FR","@id":"https:\/\/www.sab.ch\/fr\/prise-de-position-quant-au-message-sur-la-promotion-economique-2028-2031\/#primaryimage","url":"https:\/\/www.sab.ch\/wp-content\/uploads\/2026\/04\/Plakate-50-Jahre-Regionalpolitik-4-1-scaled.jpg","contentUrl":"https:\/\/www.sab.ch\/wp-content\/uploads\/2026\/04\/Plakate-50-Jahre-Regionalpolitik-4-1-scaled.jpg","width":2560,"height":1083},{"@type":"BreadcrumbList","@id":"https:\/\/www.sab.ch\/fr\/prise-de-position-quant-au-message-sur-la-promotion-economique-2028-2031\/#breadcrumb","itemListElement":[{"@type":"ListItem","position":1,"name":"Startseite","item":"https:\/\/www.sab.ch\/fr\/home\/"},{"@type":"ListItem","position":2,"name":"Prise de position quant au message sur la \u00ab Promotion \u00e9conomique 2028-2031 \u00bb"}]},{"@type":"WebSite","@id":"https:\/\/www.sab.ch\/fr\/#website","url":"https:\/\/www.sab.ch\/fr\/","name":"S A B","description":"","potentialAction":[{"@type":"SearchAction","target":{"@type":"EntryPoint","urlTemplate":"https:\/\/www.sab.ch\/fr\/?s={search_term_string}"},"query-input":{"@type":"PropertyValueSpecification","valueRequired":true,"valueName":"search_term_string"}}],"inLanguage":"fr-FR"},{"@type":"Person","@id":"https:\/\/www.sab.ch\/fr\/#\/schema\/person\/1c450bbe4df58dc14ede9b380c3a7a56","name":"info@sab.ch","image":{"@type":"ImageObject","inLanguage":"fr-FR","@id":"https:\/\/secure.gravatar.com\/avatar\/90c278b6370763730f8642919a0c5b49ea5c114838185d47f2c357efc929a851?s=96&d=mm&r=g","url":"https:\/\/secure.gravatar.com\/avatar\/90c278b6370763730f8642919a0c5b49ea5c114838185d47f2c357efc929a851?s=96&d=mm&r=g","contentUrl":"https:\/\/secure.gravatar.com\/avatar\/90c278b6370763730f8642919a0c5b49ea5c114838185d47f2c357efc929a851?s=96&d=mm&r=g","caption":"info@sab.ch"},"url":"https:\/\/www.sab.ch\/fr\/author\/infosab-ch\/"}]}},"_links":{"self":[{"href":"https:\/\/www.sab.ch\/fr\/wp-json\/wp\/v2\/posts\/32318","targetHints":{"allow":["GET"]}}],"collection":[{"href":"https:\/\/www.sab.ch\/fr\/wp-json\/wp\/v2\/posts"}],"about":[{"href":"https:\/\/www.sab.ch\/fr\/wp-json\/wp\/v2\/types\/post"}],"author":[{"embeddable":true,"href":"https:\/\/www.sab.ch\/fr\/wp-json\/wp\/v2\/users\/4"}],"replies":[{"embeddable":true,"href":"https:\/\/www.sab.ch\/fr\/wp-json\/wp\/v2\/comments?post=32318"}],"version-history":[{"count":5,"href":"https:\/\/www.sab.ch\/fr\/wp-json\/wp\/v2\/posts\/32318\/revisions"}],"predecessor-version":[{"id":32325,"href":"https:\/\/www.sab.ch\/fr\/wp-json\/wp\/v2\/posts\/32318\/revisions\/32325"}],"wp:featuredmedia":[{"embeddable":true,"href":"https:\/\/www.sab.ch\/fr\/wp-json\/wp\/v2\/media\/32319"}],"wp:attachment":[{"href":"https:\/\/www.sab.ch\/fr\/wp-json\/wp\/v2\/media?parent=32318"}],"wp:term":[{"taxonomy":"category","embeddable":true,"href":"https:\/\/www.sab.ch\/fr\/wp-json\/wp\/v2\/categories?post=32318"},{"taxonomy":"post_tag","embeddable":true,"href":"https:\/\/www.sab.ch\/fr\/wp-json\/wp\/v2\/tags?post=32318"}],"curies":[{"name":"wp","href":"https:\/\/api.w.org\/{rel}","templated":true}]}}