{"id":33734,"date":"2026-09-03T11:49:15","date_gmt":"2026-09-03T09:49:15","guid":{"rendered":"https:\/\/www.sab.ch\/?p=33734"},"modified":"2026-09-03T14:58:20","modified_gmt":"2026-09-03T12:58:20","slug":"freelap-du-val-de-travers-remporte-le-prix-montagne-2026","status":"publish","type":"post","link":"https:\/\/www.sab.ch\/fr\/freelap-du-val-de-travers-remporte-le-prix-montagne-2026\/","title":{"rendered":"Freelap du Val-de-Travers remporte le Prix Montagne 2026"},"content":{"rendered":"<div id='av_section_1'  class='avia-section av-kbug1hwh-c289e54a3724eb607f5001286d112c66 main_color avia-section-default avia-shadow  avia-builder-el-0  avia-builder-el-no-sibling  avia-bg-style-scroll container_wrap fullsize'  ><div class='container av-section-cont-open' ><main  role=\"main\" itemprop=\"mainContentOfPage\"  class='template-page content  av-content-full alpha units'><div class='post-entry post-entry-type-page post-entry-33734'><div class='entry-content-wrapper clearfix'>\n\n<style type=\"text\/css\" data-created_by=\"avia_inline_auto\" id=\"style-css-av-1jeyq-9502dd93e19d75a741d42ecb7c9a7202\">\n.flex_column.av-1jeyq-9502dd93e19d75a741d42ecb7c9a7202{\nborder-radius:0px 0px 0px 0px;\npadding:0px 0px 0px 0px;\n}\n<\/style>\n<div  class='flex_column av-1jeyq-9502dd93e19d75a741d42ecb7c9a7202 av_two_third  avia-builder-el-1  el_before_av_one_third  avia-builder-el-first  first flex_column_div av-zero-column-padding  '     ><section  class='av_textblock_section av-kbug13ai-27b1d6a83d9f1e8c3eb4f580bd20d47d '   itemscope=\"itemscope\" itemtype=\"https:\/\/schema.org\/BlogPosting\" itemprop=\"blogPost\" ><div class='avia_textblock'  itemprop=\"text\" ><h3><strong>Freelap du Val-de-Travers remporte le Prix Montagne 2026<\/strong><\/h3>\n<p><br class=\"avia-permanent-lb\" \/>Berne\/Adliswil, le 3 septembre 2026 \u2013 Le Prix Montagne, dot\u00e9 de 40\u2019000 francs, est d\u00e9cern\u00e9 cette ann\u00e9e \u00e0 l\u2019entreprise Freelap, situ\u00e9e dans le canton de Neuch\u00e2tel. Dans son atelier de Fleurier, Jean-Pierre Baumann et son \u00e9quipe de sept personnes fabriquent des appareils de chronom\u00e9trage pr\u00e9cis et abordables utilis\u00e9s par des clubs sportifs du monde entier. Le Prix Montagne du public revient au Centre de sant\u00e9 de la Basse-Engadine. Ce mod\u00e8le exemplaire de soins de sant\u00e9 int\u00e9gr\u00e9s remporte le prix dot\u00e9 de 20\u2019000 francs, offert par La Mobili\u00e8re Soci\u00e9t\u00e9 coop\u00e9rative.<\/p>\n<p><br class=\"avia-permanent-lb\" \/><a href=\"https:\/\/www.sab.ch\/wp-content\/uploads\/2026\/09\/CP-Aide-suisse-a-la-montagne-laureat-Prix-Montagne-2026_final-1.pdf\">Communiqu\u00e9 de presse du 03.09.2026<\/a><\/p>\n<p><a href=\"Prix Montagne | Prix Montagne\">Informations compl\u00e9mentaires: prixmontagne.ch<\/a><\/p>\n<\/div><\/section><\/div>\n<style type=\"text\/css\" data-created_by=\"avia_inline_auto\" id=\"style-css-av-11ss6-43e62b351ecfb41c6d740c9a54758486\">\n.flex_column.av-11ss6-43e62b351ecfb41c6d740c9a54758486{\nborder-radius:0px 0px 0px 0px;\npadding:0px 0px 0px 0px;\n}\n<\/style>\n<div  class='flex_column av-11ss6-43e62b351ecfb41c6d740c9a54758486 av_one_third  avia-builder-el-3  el_after_av_two_third  avia-builder-el-last  flex_column_div av-zero-column-padding  '     ><style type=\"text\/css\" data-created_by=\"avia_inline_auto\" id=\"style-css-av-tol4g7-4e93fe0abea0ec8e37e61379874eb320\">\n.avia-image-container.av-tol4g7-4e93fe0abea0ec8e37e61379874eb320 img.avia_image{\nbox-shadow:none;\n}\n.avia-image-container.av-tol4g7-4e93fe0abea0ec8e37e61379874eb320 .av-image-caption-overlay-center{\ncolor:#ffffff;\n}\n<\/style>\n<div  class='avia-image-container av-tol4g7-4e93fe0abea0ec8e37e61379874eb320 av-styling- avia-align-center  avia-builder-el-4  avia-builder-el-no-sibling '   itemprop=\"image\" itemscope=\"itemscope\" itemtype=\"https:\/\/schema.org\/ImageObject\" ><div class=\"avia-image-container-inner\"><div class=\"avia-image-overlay-wrap\"><img decoding=\"async\" fetchpriority=\"high\" class='wp-image-22792 avia-img-lazy-loading-not-22792 avia_image ' src=\"https:\/\/www.sab.ch\/wp-content\/uploads\/2024\/07\/Screenshot_2021-07-15_Prix_Montagne_2021-1024x724.png\" alt='' title='Screenshot_2021-07-15_Prix_Montagne_2021'  height=\"724\" width=\"1024\"  itemprop=\"thumbnailUrl\" srcset=\"https:\/\/www.sab.ch\/wp-content\/uploads\/2024\/07\/Screenshot_2021-07-15_Prix_Montagne_2021-1024x724.png 1024w, https:\/\/www.sab.ch\/wp-content\/uploads\/2024\/07\/Screenshot_2021-07-15_Prix_Montagne_2021-768x543.png 768w, https:\/\/www.sab.ch\/wp-content\/uploads\/2024\/07\/Screenshot_2021-07-15_Prix_Montagne_2021-260x185.png 260w, https:\/\/www.sab.ch\/wp-content\/uploads\/2024\/07\/Screenshot_2021-07-15_Prix_Montagne_2021-705x498.png 705w, https:\/\/www.sab.ch\/wp-content\/uploads\/2024\/07\/Screenshot_2021-07-15_Prix_Montagne_2021.png 1065w\" sizes=\"(max-width: 1024px) 100vw, 1024px\" \/><\/div><\/div><\/div><\/div>\n","protected":false},"excerpt":{"rendered":"<p>Berne\/Adliswil, le 3 septembre 2026 \u2013 Le Prix Montagne, dot\u00e9 de 40\u2019000 francs, est d\u00e9cern\u00e9 cette ann\u00e9e \u00e0 l\u2019entreprise Freelap, situ\u00e9e dans le canton de Neuch\u00e2tel. Dans son atelier de Fleurier, Jean-Pierre Baumann et son \u00e9quipe de sept personnes fabriquent des appareils de chronom\u00e9trage pr\u00e9cis et abordables utilis\u00e9s par des clubs sportifs du monde entier. Le Prix Montagne du public revient au Centre de sant\u00e9 de la Basse-Engadine. Ce mod\u00e8le exemplaire de soins de sant\u00e9 int\u00e9gr\u00e9s remporte le prix dot\u00e9 de 20\u2019000 francs, offert par La Mobili\u00e8re Soci\u00e9t\u00e9 coop\u00e9rative.     <\/p>\n","protected":false},"author":4,"featured_media":22792,"comment_status":"closed","ping_status":"open","sticky":false,"template":"","format":"standard","meta":{"footnotes":""},"categories":[4],"tags":[],"class_list":["post-33734","post","type-post","status-publish","format-standard","has-post-thumbnail","hentry","category-non-classifiee"],"yoast_head":"<!-- This site is optimized with the Yoast SEO plugin v28.4 - https:\/\/yoast.com\/product\/yoast-seo-wordpress\/ -->\n<title>Freelap du Val-de-Travers remporte le Prix Montagne 2026 - S A B<\/title>\n<meta name=\"robots\" content=\"index, follow, max-snippet:-1, max-image-preview:large, max-video-preview:-1\" \/>\n<link rel=\"canonical\" href=\"https:\/\/www.sab.ch\/fr\/freelap-du-val-de-travers-remporte-le-prix-montagne-2026\/\" \/>\n<meta property=\"og:locale\" content=\"fr_FR\" \/>\n<meta property=\"og:type\" content=\"article\" \/>\n<meta property=\"og:title\" content=\"Freelap du Val-de-Travers remporte le Prix Montagne 2026 - S A B\" \/>\n<meta property=\"og:description\" content=\"Berne\/Adliswil, le 3 septembre 2026 \u2013 Le Prix Montagne, dot\u00e9 de 40\u2019000 francs, est d\u00e9cern\u00e9 cette ann\u00e9e \u00e0 l\u2019entreprise Freelap, situ\u00e9e dans le canton de Neuch\u00e2tel. Dans son atelier de Fleurier, Jean-Pierre Baumann et son \u00e9quipe de sept personnes fabriquent des appareils de chronom\u00e9trage pr\u00e9cis et abordables utilis\u00e9s par des clubs sportifs du monde entier. Le Prix Montagne du public revient au Centre de sant\u00e9 de la Basse-Engadine. Ce mod\u00e8le exemplaire de soins de sant\u00e9 int\u00e9gr\u00e9s remporte le prix dot\u00e9 de 20\u2019000 francs, offert par La Mobili\u00e8re Soci\u00e9t\u00e9 coop\u00e9rative.\" \/>\n<meta property=\"og:url\" content=\"https:\/\/www.sab.ch\/fr\/freelap-du-val-de-travers-remporte-le-prix-montagne-2026\/\" \/>\n<meta property=\"og:site_name\" content=\"S A B\" \/>\n<meta property=\"article:published_time\" content=\"2026-09-03T09:49:15+00:00\" \/>\n<meta property=\"article:modified_time\" content=\"2026-09-03T12:58:20+00:00\" \/>\n<meta property=\"og:image\" content=\"https:\/\/www.sab.ch\/wp-content\/uploads\/2024\/07\/Screenshot_2021-07-15_Prix_Montagne_2021.png\" \/>\n\t<meta property=\"og:image:width\" content=\"1065\" \/>\n\t<meta property=\"og:image:height\" content=\"753\" \/>\n\t<meta property=\"og:image:type\" content=\"image\/png\" \/>\n<meta name=\"author\" content=\"info@sab.ch\" \/>\n<meta name=\"twitter:card\" content=\"summary_large_image\" \/>\n<meta name=\"twitter:label1\" content=\"\u00c9crit par\" \/>\n\t<meta name=\"twitter:data1\" content=\"info@sab.ch\" \/>\n\t<meta name=\"twitter:label2\" content=\"Dur\u00e9e de lecture estim\u00e9e\" \/>\n\t<meta name=\"twitter:data2\" content=\"1 minute\" \/>\n<script type=\"application\/ld+json\" class=\"yoast-schema-graph\">{\"@context\":\"https:\\\/\\\/schema.org\",\"@graph\":[{\"@type\":\"Article\",\"@id\":\"https:\\\/\\\/www.sab.ch\\\/fr\\\/freelap-du-val-de-travers-remporte-le-prix-montagne-2026\\\/#article\",\"isPartOf\":{\"@id\":\"https:\\\/\\\/www.sab.ch\\\/fr\\\/freelap-du-val-de-travers-remporte-le-prix-montagne-2026\\\/\"},\"author\":{\"name\":\"info@sab.ch\",\"@id\":\"https:\\\/\\\/www.sab.ch\\\/fr\\\/#\\\/schema\\\/person\\\/1c450bbe4df58dc14ede9b380c3a7a56\"},\"headline\":\"Freelap du Val-de-Travers remporte le Prix Montagne 2026\",\"datePublished\":\"2026-09-03T09:49:15+00:00\",\"dateModified\":\"2026-09-03T12:58:20+00:00\",\"mainEntityOfPage\":{\"@id\":\"https:\\\/\\\/www.sab.ch\\\/fr\\\/freelap-du-val-de-travers-remporte-le-prix-montagne-2026\\\/\"},\"wordCount\":781,\"image\":{\"@id\":\"https:\\\/\\\/www.sab.ch\\\/fr\\\/freelap-du-val-de-travers-remporte-le-prix-montagne-2026\\\/#primaryimage\"},\"thumbnailUrl\":\"https:\\\/\\\/www.sab.ch\\\/wp-content\\\/uploads\\\/2024\\\/07\\\/Screenshot_2021-07-15_Prix_Montagne_2021.png\",\"articleSection\":[\"Non classifi\u00e9(e)\"],\"inLanguage\":\"fr-FR\"},{\"@type\":\"WebPage\",\"@id\":\"https:\\\/\\\/www.sab.ch\\\/fr\\\/freelap-du-val-de-travers-remporte-le-prix-montagne-2026\\\/\",\"url\":\"https:\\\/\\\/www.sab.ch\\\/fr\\\/freelap-du-val-de-travers-remporte-le-prix-montagne-2026\\\/\",\"name\":\"Freelap du Val-de-Travers remporte le Prix Montagne 2026 - S A B\",\"isPartOf\":{\"@id\":\"https:\\\/\\\/www.sab.ch\\\/fr\\\/#website\"},\"primaryImageOfPage\":{\"@id\":\"https:\\\/\\\/www.sab.ch\\\/fr\\\/freelap-du-val-de-travers-remporte-le-prix-montagne-2026\\\/#primaryimage\"},\"image\":{\"@id\":\"https:\\\/\\\/www.sab.ch\\\/fr\\\/freelap-du-val-de-travers-remporte-le-prix-montagne-2026\\\/#primaryimage\"},\"thumbnailUrl\":\"https:\\\/\\\/www.sab.ch\\\/wp-content\\\/uploads\\\/2024\\\/07\\\/Screenshot_2021-07-15_Prix_Montagne_2021.png\",\"datePublished\":\"2026-09-03T09:49:15+00:00\",\"dateModified\":\"2026-09-03T12:58:20+00:00\",\"author\":{\"@id\":\"https:\\\/\\\/www.sab.ch\\\/fr\\\/#\\\/schema\\\/person\\\/1c450bbe4df58dc14ede9b380c3a7a56\"},\"breadcrumb\":{\"@id\":\"https:\\\/\\\/www.sab.ch\\\/fr\\\/freelap-du-val-de-travers-remporte-le-prix-montagne-2026\\\/#breadcrumb\"},\"inLanguage\":\"fr-FR\",\"potentialAction\":[{\"@type\":\"ReadAction\",\"target\":[\"https:\\\/\\\/www.sab.ch\\\/fr\\\/freelap-du-val-de-travers-remporte-le-prix-montagne-2026\\\/\"]}]},{\"@type\":\"ImageObject\",\"inLanguage\":\"fr-FR\",\"@id\":\"https:\\\/\\\/www.sab.ch\\\/fr\\\/freelap-du-val-de-travers-remporte-le-prix-montagne-2026\\\/#primaryimage\",\"url\":\"https:\\\/\\\/www.sab.ch\\\/wp-content\\\/uploads\\\/2024\\\/07\\\/Screenshot_2021-07-15_Prix_Montagne_2021.png\",\"contentUrl\":\"https:\\\/\\\/www.sab.ch\\\/wp-content\\\/uploads\\\/2024\\\/07\\\/Screenshot_2021-07-15_Prix_Montagne_2021.png\",\"width\":1065,\"height\":753},{\"@type\":\"BreadcrumbList\",\"@id\":\"https:\\\/\\\/www.sab.ch\\\/fr\\\/freelap-du-val-de-travers-remporte-le-prix-montagne-2026\\\/#breadcrumb\",\"itemListElement\":[{\"@type\":\"ListItem\",\"position\":1,\"name\":\"Startseite\",\"item\":\"https:\\\/\\\/www.sab.ch\\\/fr\\\/home\\\/\"},{\"@type\":\"ListItem\",\"position\":2,\"name\":\"Freelap du Val-de-Travers remporte le Prix Montagne 2026\"}]},{\"@type\":\"WebSite\",\"@id\":\"https:\\\/\\\/www.sab.ch\\\/fr\\\/#website\",\"url\":\"https:\\\/\\\/www.sab.ch\\\/fr\\\/\",\"name\":\"S A B\",\"description\":\"\",\"potentialAction\":[{\"@type\":\"SearchAction\",\"target\":{\"@type\":\"EntryPoint\",\"urlTemplate\":\"https:\\\/\\\/www.sab.ch\\\/fr\\\/?s={search_term_string}\"},\"query-input\":{\"@type\":\"PropertyValueSpecification\",\"valueRequired\":true,\"valueName\":\"search_term_string\"}}],\"inLanguage\":\"fr-FR\"},{\"@type\":\"Person\",\"@id\":\"https:\\\/\\\/www.sab.ch\\\/fr\\\/#\\\/schema\\\/person\\\/1c450bbe4df58dc14ede9b380c3a7a56\",\"name\":\"info@sab.ch\",\"image\":{\"@type\":\"ImageObject\",\"inLanguage\":\"fr-FR\",\"@id\":\"https:\\\/\\\/secure.gravatar.com\\\/avatar\\\/90c278b6370763730f8642919a0c5b49ea5c114838185d47f2c357efc929a851?s=96&d=mm&r=g\",\"url\":\"https:\\\/\\\/secure.gravatar.com\\\/avatar\\\/90c278b6370763730f8642919a0c5b49ea5c114838185d47f2c357efc929a851?s=96&d=mm&r=g\",\"contentUrl\":\"https:\\\/\\\/secure.gravatar.com\\\/avatar\\\/90c278b6370763730f8642919a0c5b49ea5c114838185d47f2c357efc929a851?s=96&d=mm&r=g\",\"caption\":\"info@sab.ch\"},\"url\":\"https:\\\/\\\/www.sab.ch\\\/fr\\\/author\\\/infosab-ch\\\/\"}]}<\/script>\n<!-- \/ Yoast SEO plugin. -->","yoast_head_json":{"title":"Freelap du Val-de-Travers remporte le Prix Montagne 2026 - S A B","robots":{"index":"index","follow":"follow","max-snippet":"max-snippet:-1","max-image-preview":"max-image-preview:large","max-video-preview":"max-video-preview:-1"},"canonical":"https:\/\/www.sab.ch\/fr\/freelap-du-val-de-travers-remporte-le-prix-montagne-2026\/","og_locale":"fr_FR","og_type":"article","og_title":"Freelap du Val-de-Travers remporte le Prix Montagne 2026 - S A B","og_description":"Berne\/Adliswil, le 3 septembre 2026 \u2013 Le Prix Montagne, dot\u00e9 de 40\u2019000 francs, est d\u00e9cern\u00e9 cette ann\u00e9e \u00e0 l\u2019entreprise Freelap, situ\u00e9e dans le canton de Neuch\u00e2tel. Dans son atelier de Fleurier, Jean-Pierre Baumann et son \u00e9quipe de sept personnes fabriquent des appareils de chronom\u00e9trage pr\u00e9cis et abordables utilis\u00e9s par des clubs sportifs du monde entier. Le Prix Montagne du public revient au Centre de sant\u00e9 de la Basse-Engadine. Ce mod\u00e8le exemplaire de soins de sant\u00e9 int\u00e9gr\u00e9s remporte le prix dot\u00e9 de 20\u2019000 francs, offert par La Mobili\u00e8re Soci\u00e9t\u00e9 coop\u00e9rative.","og_url":"https:\/\/www.sab.ch\/fr\/freelap-du-val-de-travers-remporte-le-prix-montagne-2026\/","og_site_name":"S A B","article_published_time":"2026-09-03T09:49:15+00:00","article_modified_time":"2026-09-03T12:58:20+00:00","og_image":[{"width":1065,"height":753,"url":"https:\/\/www.sab.ch\/wp-content\/uploads\/2024\/07\/Screenshot_2021-07-15_Prix_Montagne_2021.png","type":"image\/png"}],"author":"info@sab.ch","twitter_card":"summary_large_image","twitter_misc":{"\u00c9crit par":"info@sab.ch","Dur\u00e9e de lecture estim\u00e9e":"1 minute"},"schema":{"@context":"https:\/\/schema.org","@graph":[{"@type":"Article","@id":"https:\/\/www.sab.ch\/fr\/freelap-du-val-de-travers-remporte-le-prix-montagne-2026\/#article","isPartOf":{"@id":"https:\/\/www.sab.ch\/fr\/freelap-du-val-de-travers-remporte-le-prix-montagne-2026\/"},"author":{"name":"info@sab.ch","@id":"https:\/\/www.sab.ch\/fr\/#\/schema\/person\/1c450bbe4df58dc14ede9b380c3a7a56"},"headline":"Freelap du Val-de-Travers remporte le Prix Montagne 2026","datePublished":"2026-09-03T09:49:15+00:00","dateModified":"2026-09-03T12:58:20+00:00","mainEntityOfPage":{"@id":"https:\/\/www.sab.ch\/fr\/freelap-du-val-de-travers-remporte-le-prix-montagne-2026\/"},"wordCount":781,"image":{"@id":"https:\/\/www.sab.ch\/fr\/freelap-du-val-de-travers-remporte-le-prix-montagne-2026\/#primaryimage"},"thumbnailUrl":"https:\/\/www.sab.ch\/wp-content\/uploads\/2024\/07\/Screenshot_2021-07-15_Prix_Montagne_2021.png","articleSection":["Non classifi\u00e9(e)"],"inLanguage":"fr-FR"},{"@type":"WebPage","@id":"https:\/\/www.sab.ch\/fr\/freelap-du-val-de-travers-remporte-le-prix-montagne-2026\/","url":"https:\/\/www.sab.ch\/fr\/freelap-du-val-de-travers-remporte-le-prix-montagne-2026\/","name":"Freelap du Val-de-Travers remporte le Prix Montagne 2026 - S A B","isPartOf":{"@id":"https:\/\/www.sab.ch\/fr\/#website"},"primaryImageOfPage":{"@id":"https:\/\/www.sab.ch\/fr\/freelap-du-val-de-travers-remporte-le-prix-montagne-2026\/#primaryimage"},"image":{"@id":"https:\/\/www.sab.ch\/fr\/freelap-du-val-de-travers-remporte-le-prix-montagne-2026\/#primaryimage"},"thumbnailUrl":"https:\/\/www.sab.ch\/wp-content\/uploads\/2024\/07\/Screenshot_2021-07-15_Prix_Montagne_2021.png","datePublished":"2026-09-03T09:49:15+00:00","dateModified":"2026-09-03T12:58:20+00:00","author":{"@id":"https:\/\/www.sab.ch\/fr\/#\/schema\/person\/1c450bbe4df58dc14ede9b380c3a7a56"},"breadcrumb":{"@id":"https:\/\/www.sab.ch\/fr\/freelap-du-val-de-travers-remporte-le-prix-montagne-2026\/#breadcrumb"},"inLanguage":"fr-FR","potentialAction":[{"@type":"ReadAction","target":["https:\/\/www.sab.ch\/fr\/freelap-du-val-de-travers-remporte-le-prix-montagne-2026\/"]}]},{"@type":"ImageObject","inLanguage":"fr-FR","@id":"https:\/\/www.sab.ch\/fr\/freelap-du-val-de-travers-remporte-le-prix-montagne-2026\/#primaryimage","url":"https:\/\/www.sab.ch\/wp-content\/uploads\/2024\/07\/Screenshot_2021-07-15_Prix_Montagne_2021.png","contentUrl":"https:\/\/www.sab.ch\/wp-content\/uploads\/2024\/07\/Screenshot_2021-07-15_Prix_Montagne_2021.png","width":1065,"height":753},{"@type":"BreadcrumbList","@id":"https:\/\/www.sab.ch\/fr\/freelap-du-val-de-travers-remporte-le-prix-montagne-2026\/#breadcrumb","itemListElement":[{"@type":"ListItem","position":1,"name":"Startseite","item":"https:\/\/www.sab.ch\/fr\/home\/"},{"@type":"ListItem","position":2,"name":"Freelap du Val-de-Travers remporte le Prix Montagne 2026"}]},{"@type":"WebSite","@id":"https:\/\/www.sab.ch\/fr\/#website","url":"https:\/\/www.sab.ch\/fr\/","name":"S A B","description":"","potentialAction":[{"@type":"SearchAction","target":{"@type":"EntryPoint","urlTemplate":"https:\/\/www.sab.ch\/fr\/?s={search_term_string}"},"query-input":{"@type":"PropertyValueSpecification","valueRequired":true,"valueName":"search_term_string"}}],"inLanguage":"fr-FR"},{"@type":"Person","@id":"https:\/\/www.sab.ch\/fr\/#\/schema\/person\/1c450bbe4df58dc14ede9b380c3a7a56","name":"info@sab.ch","image":{"@type":"ImageObject","inLanguage":"fr-FR","@id":"https:\/\/secure.gravatar.com\/avatar\/90c278b6370763730f8642919a0c5b49ea5c114838185d47f2c357efc929a851?s=96&d=mm&r=g","url":"https:\/\/secure.gravatar.com\/avatar\/90c278b6370763730f8642919a0c5b49ea5c114838185d47f2c357efc929a851?s=96&d=mm&r=g","contentUrl":"https:\/\/secure.gravatar.com\/avatar\/90c278b6370763730f8642919a0c5b49ea5c114838185d47f2c357efc929a851?s=96&d=mm&r=g","caption":"info@sab.ch"},"url":"https:\/\/www.sab.ch\/fr\/author\/infosab-ch\/"}]}},"_links":{"self":[{"href":"https:\/\/www.sab.ch\/fr\/wp-json\/wp\/v2\/posts\/33734","targetHints":{"allow":["GET"]}}],"collection":[{"href":"https:\/\/www.sab.ch\/fr\/wp-json\/wp\/v2\/posts"}],"about":[{"href":"https:\/\/www.sab.ch\/fr\/wp-json\/wp\/v2\/types\/post"}],"author":[{"embeddable":true,"href":"https:\/\/www.sab.ch\/fr\/wp-json\/wp\/v2\/users\/4"}],"replies":[{"embeddable":true,"href":"https:\/\/www.sab.ch\/fr\/wp-json\/wp\/v2\/comments?post=33734"}],"version-history":[{"count":14,"href":"https:\/\/www.sab.ch\/fr\/wp-json\/wp\/v2\/posts\/33734\/revisions"}],"predecessor-version":[{"id":33826,"href":"https:\/\/www.sab.ch\/fr\/wp-json\/wp\/v2\/posts\/33734\/revisions\/33826"}],"wp:featuredmedia":[{"embeddable":true,"href":"https:\/\/www.sab.ch\/fr\/wp-json\/wp\/v2\/media\/22792"}],"wp:attachment":[{"href":"https:\/\/www.sab.ch\/fr\/wp-json\/wp\/v2\/media?parent=33734"}],"wp:term":[{"taxonomy":"category","embeddable":true,"href":"https:\/\/www.sab.ch\/fr\/wp-json\/wp\/v2\/categories?post=33734"},{"taxonomy":"post_tag","embeddable":true,"href":"https:\/\/www.sab.ch\/fr\/wp-json\/wp\/v2\/tags?post=33734"}],"curies":[{"name":"wp","href":"https:\/\/api.w.org\/{rel}","templated":true}]}}