{"id":33759,"date":"2026-09-02T14:14:21","date_gmt":"2026-09-02T12:14:21","guid":{"rendered":"https:\/\/www.sab.ch\/ap2030-prendre-en-compte-les-preoccupations-de-lagriculture-de-montagne\/"},"modified":"2026-09-02T15:02:46","modified_gmt":"2026-09-02T13:02:46","slug":"ap2030-prendre-en-compte-les-preoccupations-de-lagriculture-de-montagne","status":"publish","type":"post","link":"https:\/\/www.sab.ch\/fr\/ap2030-prendre-en-compte-les-preoccupations-de-lagriculture-de-montagne\/","title":{"rendered":"AP2030 \u2013 Prendre en compte les pr\u00e9occupations de l\u2019agriculture de montagne"},"content":{"rendered":"<div id='av_section_1'  class='avia-section av-kbug1hwh-c289e54a3724eb607f5001286d112c66 main_color avia-section-default avia-shadow  avia-builder-el-0  avia-builder-el-no-sibling  avia-bg-style-scroll container_wrap fullsize'  ><div class='container av-section-cont-open' ><main  role=\"main\" itemprop=\"mainContentOfPage\"  class='template-page content  av-content-full alpha units'><div class='post-entry post-entry-type-page post-entry-33759'><div class='entry-content-wrapper clearfix'>\n\n<style type=\"text\/css\" data-created_by=\"avia_inline_auto\" id=\"style-css-av-1jeyq-9502dd93e19d75a741d42ecb7c9a7202\">\n.flex_column.av-1jeyq-9502dd93e19d75a741d42ecb7c9a7202{\nborder-radius:0px 0px 0px 0px;\npadding:0px 0px 0px 0px;\n}\n<\/style>\n<div  class='flex_column av-1jeyq-9502dd93e19d75a741d42ecb7c9a7202 av_two_third  avia-builder-el-1  el_before_av_one_third  avia-builder-el-first  first flex_column_div av-zero-column-padding  '     ><section  class='av_textblock_section av-kbug13ai-27b1d6a83d9f1e8c3eb4f580bd20d47d '   itemscope=\"itemscope\" itemtype=\"https:\/\/schema.org\/BlogPosting\" itemprop=\"blogPost\" ><div class='avia_textblock'  itemprop=\"text\" ><h3><strong>AP2030 \u2013 Prendre en compte les pr\u00e9occupations de l\u2019agriculture de montagne<\/strong><\/h3>\n<p><br class=\"avia-permanent-lb\" \/>Le projet concernant la politique agricole 2030 (PA 2030), qui a \u00e9t\u00e9 mis en consultation, constitue, \u00e0 juste titre, une \u00e9volution et non une rupture radicale avec la politique agricole men\u00e9e jusqu\u2019\u00e0 pr\u00e9sent. Dans ce cadre, les sp\u00e9cificit\u00e9s de l\u2019agriculture de montagne doivent continuer \u00e0 \u00eatre prises en consid\u00e9ration. Des efforts suppl\u00e9mentaires sont aussi n\u00e9cessaires pour am\u00e9liorer les revenus issus de l\u2019agriculture de montagne et pour faire face aux cons\u00e9quences du changement climatique. L\u2019approche consistant \u00e0 consid\u00e9rer le syst\u00e8me alimentaire dans son ensemble est pertinente, mais elle n\u2019est pas encore mise en \u0153uvre de mani\u00e8re suffisamment coh\u00e9rente dans ce projet.<\/p>\n<p><br class=\"avia-permanent-lb\" \/><a href=\"https:\/\/www.sab.ch\/wp-content\/uploads\/2026\/09\/CP-SAB-PA-2030-fr-def.pdf\">Communiqu\u00e9 de presse du 02.09.2026<\/a><\/p>\n<\/div><\/section><\/div>\n<style type=\"text\/css\" data-created_by=\"avia_inline_auto\" id=\"style-css-av-11ss6-43e62b351ecfb41c6d740c9a54758486\">\n.flex_column.av-11ss6-43e62b351ecfb41c6d740c9a54758486{\nborder-radius:0px 0px 0px 0px;\npadding:0px 0px 0px 0px;\n}\n<\/style>\n<div  class='flex_column av-11ss6-43e62b351ecfb41c6d740c9a54758486 av_one_third  avia-builder-el-3  el_after_av_two_third  avia-builder-el-last  flex_column_div av-zero-column-padding  '     ><style type=\"text\/css\" data-created_by=\"avia_inline_auto\" id=\"style-css-av-tol4g7-2d5d9ba8e864cc2f3b60d71d0ddca671\">\n.avia-image-container.av-tol4g7-2d5d9ba8e864cc2f3b60d71d0ddca671 img.avia_image{\nbox-shadow:none;\n}\n.avia-image-container.av-tol4g7-2d5d9ba8e864cc2f3b60d71d0ddca671 .av-image-caption-overlay-center{\ncolor:#ffffff;\n}\n<\/style>\n<div  class='avia-image-container av-tol4g7-2d5d9ba8e864cc2f3b60d71d0ddca671 av-styling- avia-align-center  avia-builder-el-4  avia-builder-el-no-sibling '   itemprop=\"image\" itemscope=\"itemscope\" itemtype=\"https:\/\/schema.org\/ImageObject\" ><div class=\"avia-image-container-inner\"><div class=\"avia-image-overlay-wrap\"><img decoding=\"async\" fetchpriority=\"high\" class='wp-image-33758 avia-img-lazy-loading-not-33758 avia_image ' src=\"https:\/\/www.sab.ch\/wp-content\/uploads\/2026\/09\/Eringer-Ausserberg-1024x768.jpg\" alt='' title='Eringer Ausserberg'  height=\"768\" width=\"1024\"  itemprop=\"thumbnailUrl\" srcset=\"https:\/\/www.sab.ch\/wp-content\/uploads\/2026\/09\/Eringer-Ausserberg-1024x768.jpg 1024w, https:\/\/www.sab.ch\/wp-content\/uploads\/2026\/09\/Eringer-Ausserberg-1440x1080.jpg 1440w, https:\/\/www.sab.ch\/wp-content\/uploads\/2026\/09\/Eringer-Ausserberg-768x576.jpg 768w, https:\/\/www.sab.ch\/wp-content\/uploads\/2026\/09\/Eringer-Ausserberg-1536x1152.jpg 1536w, https:\/\/www.sab.ch\/wp-content\/uploads\/2026\/09\/Eringer-Ausserberg-2048x1536.jpg 2048w, https:\/\/www.sab.ch\/wp-content\/uploads\/2026\/09\/Eringer-Ausserberg-1500x1125.jpg 1500w, https:\/\/www.sab.ch\/wp-content\/uploads\/2026\/09\/Eringer-Ausserberg-705x529.jpg 705w\" sizes=\"(max-width: 1024px) 100vw, 1024px\" \/><\/div><\/div><\/div><\/div>\n","protected":false},"excerpt":{"rendered":"<p>Le projet concernant la politique agricole 2030 (PA 2030), qui a \u00e9t\u00e9 mis en consultation, constitue, \u00e0 juste titre, une \u00e9volution et non une rupture radicale avec la politique agricole men\u00e9e jusqu\u2019\u00e0 pr\u00e9sent. Dans ce cadre, les sp\u00e9cificit\u00e9s de l\u2019agriculture de montagne doivent continuer \u00e0 \u00eatre prises en consid\u00e9ration. Des efforts suppl\u00e9mentaires sont aussi n\u00e9cessaires pour am\u00e9liorer les revenus issus de l\u2019agriculture de montagne et pour faire face aux cons\u00e9quences du changement climatique. L\u2019approche consistant \u00e0 consid\u00e9rer le syst\u00e8me alimentaire dans son ensemble est pertinente, mais elle n\u2019est pas encore mise en \u0153uvre de mani\u00e8re suffisamment coh\u00e9rente dans ce projet.    <\/p>\n","protected":false},"author":4,"featured_media":33758,"comment_status":"closed","ping_status":"open","sticky":false,"template":"","format":"standard","meta":{"footnotes":""},"categories":[4],"tags":[],"class_list":["post-33759","post","type-post","status-publish","format-standard","has-post-thumbnail","hentry","category-non-classifiee"],"yoast_head":"<!-- This site is optimized with the Yoast SEO plugin v28.4 - https:\/\/yoast.com\/product\/yoast-seo-wordpress\/ -->\n<title>AP2030 \u2013 Prendre en compte les pr\u00e9occupations de l\u2019agriculture de montagne - S A B<\/title>\n<meta name=\"robots\" content=\"index, follow, max-snippet:-1, max-image-preview:large, max-video-preview:-1\" \/>\n<link rel=\"canonical\" href=\"https:\/\/www.sab.ch\/fr\/ap2030-prendre-en-compte-les-preoccupations-de-lagriculture-de-montagne\/\" \/>\n<meta property=\"og:locale\" content=\"fr_FR\" \/>\n<meta property=\"og:type\" content=\"article\" \/>\n<meta property=\"og:title\" content=\"AP2030 \u2013 Prendre en compte les pr\u00e9occupations de l\u2019agriculture de montagne - S A B\" \/>\n<meta property=\"og:description\" content=\"Le projet concernant la politique agricole 2030 (PA 2030), qui a \u00e9t\u00e9 mis en consultation, constitue, \u00e0 juste titre, une \u00e9volution et non une rupture radicale avec la politique agricole men\u00e9e jusqu\u2019\u00e0 pr\u00e9sent. Dans ce cadre, les sp\u00e9cificit\u00e9s de l\u2019agriculture de montagne doivent continuer \u00e0 \u00eatre prises en consid\u00e9ration. Des efforts suppl\u00e9mentaires sont aussi n\u00e9cessaires pour am\u00e9liorer les revenus issus de l\u2019agriculture de montagne et pour faire face aux cons\u00e9quences du changement climatique. L\u2019approche consistant \u00e0 consid\u00e9rer le syst\u00e8me alimentaire dans son ensemble est pertinente, mais elle n\u2019est pas encore mise en \u0153uvre de mani\u00e8re suffisamment coh\u00e9rente dans ce projet.\" \/>\n<meta property=\"og:url\" content=\"https:\/\/www.sab.ch\/fr\/ap2030-prendre-en-compte-les-preoccupations-de-lagriculture-de-montagne\/\" \/>\n<meta property=\"og:site_name\" content=\"S A B\" \/>\n<meta property=\"article:published_time\" content=\"2026-09-02T12:14:21+00:00\" \/>\n<meta property=\"article:modified_time\" content=\"2026-09-02T13:02:46+00:00\" \/>\n<meta property=\"og:image\" content=\"https:\/\/www.sab.ch\/wp-content\/uploads\/2026\/09\/Eringer-Ausserberg-1440x1080.jpg\" \/>\n\t<meta property=\"og:image:width\" content=\"1440\" \/>\n\t<meta property=\"og:image:height\" content=\"1080\" \/>\n\t<meta property=\"og:image:type\" content=\"image\/jpeg\" \/>\n<meta name=\"author\" content=\"info@sab.ch\" \/>\n<meta name=\"twitter:card\" content=\"summary_large_image\" \/>\n<meta name=\"twitter:label1\" content=\"\u00c9crit par\" \/>\n\t<meta name=\"twitter:data1\" content=\"info@sab.ch\" \/>\n\t<meta name=\"twitter:label2\" content=\"Dur\u00e9e de lecture estim\u00e9e\" \/>\n\t<meta name=\"twitter:data2\" content=\"1 minute\" \/>\n<script type=\"application\/ld+json\" class=\"yoast-schema-graph\">{\"@context\":\"https:\\\/\\\/schema.org\",\"@graph\":[{\"@type\":\"Article\",\"@id\":\"https:\\\/\\\/www.sab.ch\\\/fr\\\/ap2030-prendre-en-compte-les-preoccupations-de-lagriculture-de-montagne\\\/#article\",\"isPartOf\":{\"@id\":\"https:\\\/\\\/www.sab.ch\\\/fr\\\/ap2030-prendre-en-compte-les-preoccupations-de-lagriculture-de-montagne\\\/\"},\"author\":{\"name\":\"info@sab.ch\",\"@id\":\"https:\\\/\\\/www.sab.ch\\\/fr\\\/#\\\/schema\\\/person\\\/1c450bbe4df58dc14ede9b380c3a7a56\"},\"headline\":\"AP2030 \u2013 Prendre en compte les pr\u00e9occupations de l\u2019agriculture de montagne\",\"datePublished\":\"2026-09-02T12:14:21+00:00\",\"dateModified\":\"2026-09-02T13:02:46+00:00\",\"mainEntityOfPage\":{\"@id\":\"https:\\\/\\\/www.sab.ch\\\/fr\\\/ap2030-prendre-en-compte-les-preoccupations-de-lagriculture-de-montagne\\\/\"},\"wordCount\":795,\"image\":{\"@id\":\"https:\\\/\\\/www.sab.ch\\\/fr\\\/ap2030-prendre-en-compte-les-preoccupations-de-lagriculture-de-montagne\\\/#primaryimage\"},\"thumbnailUrl\":\"https:\\\/\\\/www.sab.ch\\\/wp-content\\\/uploads\\\/2026\\\/09\\\/Eringer-Ausserberg-scaled.jpg\",\"articleSection\":[\"Non classifi\u00e9(e)\"],\"inLanguage\":\"fr-FR\"},{\"@type\":\"WebPage\",\"@id\":\"https:\\\/\\\/www.sab.ch\\\/fr\\\/ap2030-prendre-en-compte-les-preoccupations-de-lagriculture-de-montagne\\\/\",\"url\":\"https:\\\/\\\/www.sab.ch\\\/fr\\\/ap2030-prendre-en-compte-les-preoccupations-de-lagriculture-de-montagne\\\/\",\"name\":\"AP2030 \u2013 Prendre en compte les pr\u00e9occupations de l\u2019agriculture de montagne - S A B\",\"isPartOf\":{\"@id\":\"https:\\\/\\\/www.sab.ch\\\/fr\\\/#website\"},\"primaryImageOfPage\":{\"@id\":\"https:\\\/\\\/www.sab.ch\\\/fr\\\/ap2030-prendre-en-compte-les-preoccupations-de-lagriculture-de-montagne\\\/#primaryimage\"},\"image\":{\"@id\":\"https:\\\/\\\/www.sab.ch\\\/fr\\\/ap2030-prendre-en-compte-les-preoccupations-de-lagriculture-de-montagne\\\/#primaryimage\"},\"thumbnailUrl\":\"https:\\\/\\\/www.sab.ch\\\/wp-content\\\/uploads\\\/2026\\\/09\\\/Eringer-Ausserberg-scaled.jpg\",\"datePublished\":\"2026-09-02T12:14:21+00:00\",\"dateModified\":\"2026-09-02T13:02:46+00:00\",\"author\":{\"@id\":\"https:\\\/\\\/www.sab.ch\\\/fr\\\/#\\\/schema\\\/person\\\/1c450bbe4df58dc14ede9b380c3a7a56\"},\"breadcrumb\":{\"@id\":\"https:\\\/\\\/www.sab.ch\\\/fr\\\/ap2030-prendre-en-compte-les-preoccupations-de-lagriculture-de-montagne\\\/#breadcrumb\"},\"inLanguage\":\"fr-FR\",\"potentialAction\":[{\"@type\":\"ReadAction\",\"target\":[\"https:\\\/\\\/www.sab.ch\\\/fr\\\/ap2030-prendre-en-compte-les-preoccupations-de-lagriculture-de-montagne\\\/\"]}]},{\"@type\":\"ImageObject\",\"inLanguage\":\"fr-FR\",\"@id\":\"https:\\\/\\\/www.sab.ch\\\/fr\\\/ap2030-prendre-en-compte-les-preoccupations-de-lagriculture-de-montagne\\\/#primaryimage\",\"url\":\"https:\\\/\\\/www.sab.ch\\\/wp-content\\\/uploads\\\/2026\\\/09\\\/Eringer-Ausserberg-scaled.jpg\",\"contentUrl\":\"https:\\\/\\\/www.sab.ch\\\/wp-content\\\/uploads\\\/2026\\\/09\\\/Eringer-Ausserberg-scaled.jpg\",\"width\":2560,\"height\":1920},{\"@type\":\"BreadcrumbList\",\"@id\":\"https:\\\/\\\/www.sab.ch\\\/fr\\\/ap2030-prendre-en-compte-les-preoccupations-de-lagriculture-de-montagne\\\/#breadcrumb\",\"itemListElement\":[{\"@type\":\"ListItem\",\"position\":1,\"name\":\"Startseite\",\"item\":\"https:\\\/\\\/www.sab.ch\\\/fr\\\/home\\\/\"},{\"@type\":\"ListItem\",\"position\":2,\"name\":\"AP2030 \u2013 Prendre en compte les pr\u00e9occupations de l\u2019agriculture de montagne\"}]},{\"@type\":\"WebSite\",\"@id\":\"https:\\\/\\\/www.sab.ch\\\/fr\\\/#website\",\"url\":\"https:\\\/\\\/www.sab.ch\\\/fr\\\/\",\"name\":\"S A B\",\"description\":\"\",\"potentialAction\":[{\"@type\":\"SearchAction\",\"target\":{\"@type\":\"EntryPoint\",\"urlTemplate\":\"https:\\\/\\\/www.sab.ch\\\/fr\\\/?s={search_term_string}\"},\"query-input\":{\"@type\":\"PropertyValueSpecification\",\"valueRequired\":true,\"valueName\":\"search_term_string\"}}],\"inLanguage\":\"fr-FR\"},{\"@type\":\"Person\",\"@id\":\"https:\\\/\\\/www.sab.ch\\\/fr\\\/#\\\/schema\\\/person\\\/1c450bbe4df58dc14ede9b380c3a7a56\",\"name\":\"info@sab.ch\",\"image\":{\"@type\":\"ImageObject\",\"inLanguage\":\"fr-FR\",\"@id\":\"https:\\\/\\\/secure.gravatar.com\\\/avatar\\\/90c278b6370763730f8642919a0c5b49ea5c114838185d47f2c357efc929a851?s=96&d=mm&r=g\",\"url\":\"https:\\\/\\\/secure.gravatar.com\\\/avatar\\\/90c278b6370763730f8642919a0c5b49ea5c114838185d47f2c357efc929a851?s=96&d=mm&r=g\",\"contentUrl\":\"https:\\\/\\\/secure.gravatar.com\\\/avatar\\\/90c278b6370763730f8642919a0c5b49ea5c114838185d47f2c357efc929a851?s=96&d=mm&r=g\",\"caption\":\"info@sab.ch\"},\"url\":\"https:\\\/\\\/www.sab.ch\\\/fr\\\/author\\\/infosab-ch\\\/\"}]}<\/script>\n<!-- \/ Yoast SEO plugin. -->","yoast_head_json":{"title":"AP2030 \u2013 Prendre en compte les pr\u00e9occupations de l\u2019agriculture de montagne - S A B","robots":{"index":"index","follow":"follow","max-snippet":"max-snippet:-1","max-image-preview":"max-image-preview:large","max-video-preview":"max-video-preview:-1"},"canonical":"https:\/\/www.sab.ch\/fr\/ap2030-prendre-en-compte-les-preoccupations-de-lagriculture-de-montagne\/","og_locale":"fr_FR","og_type":"article","og_title":"AP2030 \u2013 Prendre en compte les pr\u00e9occupations de l\u2019agriculture de montagne - S A B","og_description":"Le projet concernant la politique agricole 2030 (PA 2030), qui a \u00e9t\u00e9 mis en consultation, constitue, \u00e0 juste titre, une \u00e9volution et non une rupture radicale avec la politique agricole men\u00e9e jusqu\u2019\u00e0 pr\u00e9sent. Dans ce cadre, les sp\u00e9cificit\u00e9s de l\u2019agriculture de montagne doivent continuer \u00e0 \u00eatre prises en consid\u00e9ration. Des efforts suppl\u00e9mentaires sont aussi n\u00e9cessaires pour am\u00e9liorer les revenus issus de l\u2019agriculture de montagne et pour faire face aux cons\u00e9quences du changement climatique. L\u2019approche consistant \u00e0 consid\u00e9rer le syst\u00e8me alimentaire dans son ensemble est pertinente, mais elle n\u2019est pas encore mise en \u0153uvre de mani\u00e8re suffisamment coh\u00e9rente dans ce projet.","og_url":"https:\/\/www.sab.ch\/fr\/ap2030-prendre-en-compte-les-preoccupations-de-lagriculture-de-montagne\/","og_site_name":"S A B","article_published_time":"2026-09-02T12:14:21+00:00","article_modified_time":"2026-09-02T13:02:46+00:00","og_image":[{"width":1440,"height":1080,"url":"https:\/\/www.sab.ch\/wp-content\/uploads\/2026\/09\/Eringer-Ausserberg-1440x1080.jpg","type":"image\/jpeg"}],"author":"info@sab.ch","twitter_card":"summary_large_image","twitter_misc":{"\u00c9crit par":"info@sab.ch","Dur\u00e9e de lecture estim\u00e9e":"1 minute"},"schema":{"@context":"https:\/\/schema.org","@graph":[{"@type":"Article","@id":"https:\/\/www.sab.ch\/fr\/ap2030-prendre-en-compte-les-preoccupations-de-lagriculture-de-montagne\/#article","isPartOf":{"@id":"https:\/\/www.sab.ch\/fr\/ap2030-prendre-en-compte-les-preoccupations-de-lagriculture-de-montagne\/"},"author":{"name":"info@sab.ch","@id":"https:\/\/www.sab.ch\/fr\/#\/schema\/person\/1c450bbe4df58dc14ede9b380c3a7a56"},"headline":"AP2030 \u2013 Prendre en compte les pr\u00e9occupations de l\u2019agriculture de montagne","datePublished":"2026-09-02T12:14:21+00:00","dateModified":"2026-09-02T13:02:46+00:00","mainEntityOfPage":{"@id":"https:\/\/www.sab.ch\/fr\/ap2030-prendre-en-compte-les-preoccupations-de-lagriculture-de-montagne\/"},"wordCount":795,"image":{"@id":"https:\/\/www.sab.ch\/fr\/ap2030-prendre-en-compte-les-preoccupations-de-lagriculture-de-montagne\/#primaryimage"},"thumbnailUrl":"https:\/\/www.sab.ch\/wp-content\/uploads\/2026\/09\/Eringer-Ausserberg-scaled.jpg","articleSection":["Non classifi\u00e9(e)"],"inLanguage":"fr-FR"},{"@type":"WebPage","@id":"https:\/\/www.sab.ch\/fr\/ap2030-prendre-en-compte-les-preoccupations-de-lagriculture-de-montagne\/","url":"https:\/\/www.sab.ch\/fr\/ap2030-prendre-en-compte-les-preoccupations-de-lagriculture-de-montagne\/","name":"AP2030 \u2013 Prendre en compte les pr\u00e9occupations de l\u2019agriculture de montagne - S A B","isPartOf":{"@id":"https:\/\/www.sab.ch\/fr\/#website"},"primaryImageOfPage":{"@id":"https:\/\/www.sab.ch\/fr\/ap2030-prendre-en-compte-les-preoccupations-de-lagriculture-de-montagne\/#primaryimage"},"image":{"@id":"https:\/\/www.sab.ch\/fr\/ap2030-prendre-en-compte-les-preoccupations-de-lagriculture-de-montagne\/#primaryimage"},"thumbnailUrl":"https:\/\/www.sab.ch\/wp-content\/uploads\/2026\/09\/Eringer-Ausserberg-scaled.jpg","datePublished":"2026-09-02T12:14:21+00:00","dateModified":"2026-09-02T13:02:46+00:00","author":{"@id":"https:\/\/www.sab.ch\/fr\/#\/schema\/person\/1c450bbe4df58dc14ede9b380c3a7a56"},"breadcrumb":{"@id":"https:\/\/www.sab.ch\/fr\/ap2030-prendre-en-compte-les-preoccupations-de-lagriculture-de-montagne\/#breadcrumb"},"inLanguage":"fr-FR","potentialAction":[{"@type":"ReadAction","target":["https:\/\/www.sab.ch\/fr\/ap2030-prendre-en-compte-les-preoccupations-de-lagriculture-de-montagne\/"]}]},{"@type":"ImageObject","inLanguage":"fr-FR","@id":"https:\/\/www.sab.ch\/fr\/ap2030-prendre-en-compte-les-preoccupations-de-lagriculture-de-montagne\/#primaryimage","url":"https:\/\/www.sab.ch\/wp-content\/uploads\/2026\/09\/Eringer-Ausserberg-scaled.jpg","contentUrl":"https:\/\/www.sab.ch\/wp-content\/uploads\/2026\/09\/Eringer-Ausserberg-scaled.jpg","width":2560,"height":1920},{"@type":"BreadcrumbList","@id":"https:\/\/www.sab.ch\/fr\/ap2030-prendre-en-compte-les-preoccupations-de-lagriculture-de-montagne\/#breadcrumb","itemListElement":[{"@type":"ListItem","position":1,"name":"Startseite","item":"https:\/\/www.sab.ch\/fr\/home\/"},{"@type":"ListItem","position":2,"name":"AP2030 \u2013 Prendre en compte les pr\u00e9occupations de l\u2019agriculture de montagne"}]},{"@type":"WebSite","@id":"https:\/\/www.sab.ch\/fr\/#website","url":"https:\/\/www.sab.ch\/fr\/","name":"S A B","description":"","potentialAction":[{"@type":"SearchAction","target":{"@type":"EntryPoint","urlTemplate":"https:\/\/www.sab.ch\/fr\/?s={search_term_string}"},"query-input":{"@type":"PropertyValueSpecification","valueRequired":true,"valueName":"search_term_string"}}],"inLanguage":"fr-FR"},{"@type":"Person","@id":"https:\/\/www.sab.ch\/fr\/#\/schema\/person\/1c450bbe4df58dc14ede9b380c3a7a56","name":"info@sab.ch","image":{"@type":"ImageObject","inLanguage":"fr-FR","@id":"https:\/\/secure.gravatar.com\/avatar\/90c278b6370763730f8642919a0c5b49ea5c114838185d47f2c357efc929a851?s=96&d=mm&r=g","url":"https:\/\/secure.gravatar.com\/avatar\/90c278b6370763730f8642919a0c5b49ea5c114838185d47f2c357efc929a851?s=96&d=mm&r=g","contentUrl":"https:\/\/secure.gravatar.com\/avatar\/90c278b6370763730f8642919a0c5b49ea5c114838185d47f2c357efc929a851?s=96&d=mm&r=g","caption":"info@sab.ch"},"url":"https:\/\/www.sab.ch\/fr\/author\/infosab-ch\/"}]}},"_links":{"self":[{"href":"https:\/\/www.sab.ch\/fr\/wp-json\/wp\/v2\/posts\/33759","targetHints":{"allow":["GET"]}}],"collection":[{"href":"https:\/\/www.sab.ch\/fr\/wp-json\/wp\/v2\/posts"}],"about":[{"href":"https:\/\/www.sab.ch\/fr\/wp-json\/wp\/v2\/types\/post"}],"author":[{"embeddable":true,"href":"https:\/\/www.sab.ch\/fr\/wp-json\/wp\/v2\/users\/4"}],"replies":[{"embeddable":true,"href":"https:\/\/www.sab.ch\/fr\/wp-json\/wp\/v2\/comments?post=33759"}],"version-history":[{"count":7,"href":"https:\/\/www.sab.ch\/fr\/wp-json\/wp\/v2\/posts\/33759\/revisions"}],"predecessor-version":[{"id":33772,"href":"https:\/\/www.sab.ch\/fr\/wp-json\/wp\/v2\/posts\/33759\/revisions\/33772"}],"wp:featuredmedia":[{"embeddable":true,"href":"https:\/\/www.sab.ch\/fr\/wp-json\/wp\/v2\/media\/33758"}],"wp:attachment":[{"href":"https:\/\/www.sab.ch\/fr\/wp-json\/wp\/v2\/media?parent=33759"}],"wp:term":[{"taxonomy":"category","embeddable":true,"href":"https:\/\/www.sab.ch\/fr\/wp-json\/wp\/v2\/categories?post=33759"},{"taxonomy":"post_tag","embeddable":true,"href":"https:\/\/www.sab.ch\/fr\/wp-json\/wp\/v2\/tags?post=33759"}],"curies":[{"name":"wp","href":"https:\/\/api.w.org\/{rel}","templated":true}]}}